{"id":141,"date":"2021-02-24T03:07:00","date_gmt":"2021-02-24T02:07:00","guid":{"rendered":"http:\/\/zrozumiecswiat.sosw.bochnia.pl\/?p=141"},"modified":"2022-10-20T01:46:53","modified_gmt":"2022-10-19T23:46:53","slug":"wycieczka-do-warszawy","status":"publish","type":"post","link":"https:\/\/zrozumiecswiat.sosw.bochnia.pl\/index.php\/2021\/02\/24\/wycieczka-do-warszawy\/","title":{"rendered":"WYCIECZKA DO WARSZAWY"},"content":{"rendered":"\n<p>22.02 &#8211; 24.02.2021 r.<\/p>\n\n\n\n<h2 class=\"wp-block-heading\">Zadanie 1: Zaj\u0119cia rozwijaj\u0105ce kompetencje matematyczno-przyrodnicze<\/h2>\n\n\n\n<p>Po kilku miesi\u0105cach zaj\u0119\u0107 z przedmiot\u00f3w matematyczno-przyrodniczych prowadzonych w ramach projektu \u201ePozw\u00f3l mi zrozumie\u0107 \u015bwiat\u201d nadszed\u0142 d\u0142ugo oczekiwany przez uczestnik\u00f3w czas konfrontacji teorii z praktyk\u0105. Dotkn\u0105\u0107, sprawdzi\u0107, przekona\u0107 si\u0119, na w\u0142asne oczy zobaczy\u0107, samemu do\u015bwiadczy\u0107 &#8211; po\u0142\u0105czy\u0107 wiedz\u0119 z do\u015bwiadczeniem to najlepszy spos\u00f3b, \u017ceby zrozumie\u0107 zjawiska jakie zachodz\u0105 w otaczaj\u0105cym nas \u015bwiecie.<\/p>\n\n\n\n<p>Tak\u0105 w\u0142a\u015bnie mo\u017cliwo\u015b\u0107 empirycznych dozna\u0144 dzi\u0119ki unijnemu finansowaniu otrzyma\u0142o 23 uczni\u00f3w wraz z opiekunami podczas trzydniowej wycieczki do Warszawy. Ju\u017c podczas jazdy autokarem atmosfera by\u0142a bardzo naukowa&#8230;  W rozmowach mi\u0119dzy uczestnikami najcz\u0119\u015bciej pojawia\u0142y si\u0119 s\u0142owa: droga, pr\u0119dko\u015b\u0107, czas, i jak z tego wyliczy\u0107, o kt\u00f3rej godzinie dojedziemy do celu.<\/p>\n\n\n\n<p>Wszyscy bardzo podekscytowani nie mogli doczeka\u0107 si\u0119 przyjazdu do stolicy. A potem by\u0142o ju\u017c tylko super albo super, super, poniewa\u017c Warszawa dostarczy\u0142a nam mn\u00f3stwo emocji. <\/p>\n\n\n\n<h4 class=\"wp-block-heading\">Jak sp\u0119dzili\u015bmy czas w Warszawie?<\/h4>\n\n\n\n<p>W pierwszym dniu zwiedzili\u015bmy Stare Miasto oraz zapoznali\u015bmy si\u0119 z dawn\u0105 i wsp\u00f3\u0142czesn\u0105 histori\u0105 Warszawy.<\/p>\n\n\n\n<p>Drugi dzie\u0144 sp\u0119dzamy w Centrum Nauki Kopernik, najwa\u017cniejszym punkcie wycieczki. To tu w\u0142a\u015bnie mogli\u015bmy skonfrontowa\u0107 nasze do\u015bwiadczenia dotycz\u0105ce wielu zjawisk, z kt\u00f3rymi mamy na co dzie\u0144 do czynienia. Dowiedzieli\u015bmy si\u0119 jak dzia\u0142a elektromagnes, kt\u00f3ry mamy w ogrodzeniowej bramce, sk\u0105d bierze si\u0119 pr\u0105d elektryczny w naszym gniazdku, co to jest kamera termowizyjna, co mierzy si\u0119 w kaloriach, czy wygodnie jest spa\u0107 na \u0142\u00f3\u017cku zbudowanym z tysi\u0105ca gwo\u017adzi, co to jest perspektywa, jak dzia\u0142a magnes, w jaki spos\u00f3b w ro\u017cnych porach roku s\u0142o\u0144ce o\u015bwietla ziemi\u0119, itp.<\/p>\n\n\n\n<p>Bardzo interesuj\u0105ca by\u0142a tak\u017ce wizyta w Planetarium. Na umieszczonym nad naszymi g\u0142owami na wz\u00f3r nieba ekranie-ogl\u0105dn\u0119li\u015bmy film o historii powstania samolotu. Wys\u0142uchali\u015bmy tak\u017ce po\u0142\u0105czonej z pokazem prelekcji nt. gwiazd i ich roli w podr\u00f3\u017cach w pradawnych czasach. <\/p>\n\n\n\n<p>Po po\u0142udniu odwiedzili\u015bmy Muzeum Iluzji. By\u0142o to dla nas zar\u00f3wno bardzo weso\u0142e, jak i kolejne ciekawe do\u015bwiadczenie. Przekonali\u015bmy si\u0119, \u017ce nasze subiektywne odczucia na podstawie wzroku czy zmys\u0142u r\u00f3wnowagi zupe\u0142nie nie zgadzaj\u0105 si\u0119 z rzeczywisto\u015bci\u0105. Zapami\u0119tamy, iluzja to takie z\u0142udzenie.<\/p>\n\n\n\n<h4 class=\"wp-block-heading\">Warszawskie ZOO<\/h4>\n\n\n\n<p>W ostatnim dniu wycieczki zwiedzili\u015bmy warszawskie zoo. Najbardziej podoba\u0142y nam si\u0119 egzotyczne zwierz\u0119ta z dalekich kraj\u00f3w &#8211; s\u0142onie, krokodyle, w\u0119\u017ce i polarne nied\u017awiedzie. Dope\u0142nieniem zdobytej wiedzy, do\u015bwiadcze\u0144 \u017cyciowych oraz niezapomnianych wspomnie\u0144 by\u0142a nie tylko pi\u0119kna, wiosenna pogoda, ale i fascynuj\u0105cy widok z 24 pi\u0119tra hotelu Novotel &#8211; luksusowego miejsca naszego zamieszkania.<\/p>\n\n\n\n<div class=\"wp-block-group is-content-justification-center is-nowrap is-layout-flex wp-container-core-group-is-layout-94bc23d7 wp-block-group-is-layout-flex\"><div class=\"wp-block-image\">\n<figure class=\"aligncenter size-large is-resized\"><a href=\"https:\/\/photos.app.goo.gl\/6wBbfJzNNYJvPwfJ6\" target=\"_blank\" rel=\"noreferrer noopener\"><img loading=\"lazy\" decoding=\"async\" src=\"http:\/\/zrozumiecswiat.sosw.bochnia.pl\/wp-content\/uploads\/2021\/02\/w-4-1024x689.jpg\" alt=\"Grupa m\u0142odzie\u017cy pozuje do zdj\u0119cia na tle budynku Centrum Nauki Kopernik w Warszawie.\" class=\"wp-image-218\" width=\"768\" height=\"517\" srcset=\"https:\/\/zrozumiecswiat.sosw.bochnia.pl\/wp-content\/uploads\/2021\/02\/w-4-1024x689.jpg 1024w, https:\/\/zrozumiecswiat.sosw.bochnia.pl\/wp-content\/uploads\/2021\/02\/w-4-300x202.jpg 300w, https:\/\/zrozumiecswiat.sosw.bochnia.pl\/wp-content\/uploads\/2021\/02\/w-4-768x517.jpg 768w, https:\/\/zrozumiecswiat.sosw.bochnia.pl\/wp-content\/uploads\/2021\/02\/w-4-1536x1034.jpg 1536w, https:\/\/zrozumiecswiat.sosw.bochnia.pl\/wp-content\/uploads\/2021\/02\/w-4-2048x1379.jpg 2048w, https:\/\/zrozumiecswiat.sosw.bochnia.pl\/wp-content\/uploads\/2021\/02\/w-4-150x100.jpg 150w\" sizes=\"auto, (max-width: 768px) 100vw, 768px\" \/><\/a><\/figure>\n<\/div><\/div>\n\n\n\n<div class=\"wp-block-columns is-layout-flex wp-container-core-columns-is-layout-9d6595d7 wp-block-columns-is-layout-flex\">\n<div class=\"wp-block-column is-layout-flow wp-block-column-is-layout-flow\" style=\"flex-basis:100%\">\n<div class=\"wp-block-group alignfull has-text-color has-background\" style=\"background-color:#ffffff;color:#000000\"><div class=\"wp-block-group__inner-container is-layout-flow wp-block-group-is-layout-flow\">\n<div class=\"wp-block-buttons is-horizontal is-content-justification-center is-layout-flex wp-container-core-buttons-is-layout-499968f5 wp-block-buttons-is-layout-flex\">\n<div class=\"wp-block-button has-custom-width wp-block-button__width-25 is-style-fill\"><a class=\"wp-block-button__link has-vivid-red-background-color has-text-color has-background\" href=\"https:\/\/photos.app.goo.gl\/6wBbfJzNNYJvPwfJ6\" style=\"border-radius:50px;color:#ffffff\" target=\"_blank\" rel=\"noreferrer noopener\">Galeria<\/a><\/div>\n<\/div>\n<\/div><\/div>\n<\/div>\n<\/div>\n\n\n\n<div class=\"wp-block-columns is-layout-flex wp-container-core-columns-is-layout-9d6595d7 wp-block-columns-is-layout-flex\">\n<div class=\"wp-block-column is-layout-flow wp-block-column-is-layout-flow\"><\/div>\n\n\n\n<div class=\"wp-block-column is-layout-flow wp-block-column-is-layout-flow\"><\/div>\n<\/div>\n\n\n\n<div style=\"height:10px\" aria-hidden=\"true\" class=\"wp-block-spacer\"><\/div>\n\n\n\n<div class=\"wp-block-buttons is-content-justification-right is-layout-flex wp-container-core-buttons-is-layout-765c4724 wp-block-buttons-is-layout-flex\">\n<div class=\"wp-block-button\"><a class=\"wp-block-button__link\" href=\"http:\/\/zrozumiecswiat.sosw.bochnia.pl\/index.php\/wydarzenia\/\">powr\u00f3t<\/a><\/div>\n<\/div>\n","protected":false},"excerpt":{"rendered":"<p>Po kilku miesi\u0105cach zaj\u0119\u0107 z przedmiot\u00f3w matematyczno-przyrodniczych prowadzonych w ramach projektu \u201ePozw\u00f3l mi zrozumie\u0107 \u015bwiat\u201d nadszed\u0142 d\u0142ugo oczekiwany przez uczestnik\u00f3w czas konfrontacji teorii z praktyk\u0105. <a class=\"continue\" href=\"https:\/\/zrozumiecswiat.sosw.bochnia.pl\/index.php\/2021\/02\/24\/wycieczka-do-warszawy\/\">Czytaj wi\u0119cej<span> WYCIECZKA DO WARSZAWY<\/span><\/a><\/p>\n","protected":false},"author":1,"featured_media":142,"comment_status":"closed","ping_status":"closed","sticky":false,"template":"","format":"standard","meta":{"footnotes":""},"categories":[1],"tags":[],"class_list":["post-141","post","type-post","status-publish","format-standard","has-post-thumbnail","hentry","category-aktualnosci"],"yoast_head":"<!-- This site is optimized with the Yoast SEO plugin v27.4 - https:\/\/yoast.com\/product\/yoast-seo-wordpress\/ -->\n<title>WYCIECZKA DO WARSZAWY - Pozw\u00f3l mi zrozumie\u0107 \u015bwiat<\/title>\n<meta name=\"robots\" content=\"index, follow, max-snippet:-1, max-image-preview:large, max-video-preview:-1\" \/>\n<link rel=\"canonical\" href=\"https:\/\/zrozumiecswiat.sosw.bochnia.pl\/index.php\/2021\/02\/24\/wycieczka-do-warszawy\/\" \/>\n<meta property=\"og:locale\" content=\"pl_PL\" \/>\n<meta property=\"og:type\" content=\"article\" \/>\n<meta property=\"og:title\" content=\"WYCIECZKA DO WARSZAWY - Pozw\u00f3l mi zrozumie\u0107 \u015bwiat\" \/>\n<meta property=\"og:description\" content=\"Po kilku miesi\u0105cach zaj\u0119\u0107 z przedmiot\u00f3w matematyczno-przyrodniczych prowadzonych w ramach projektu \u201ePozw\u00f3l mi zrozumie\u0107 \u015bwiat\u201d nadszed\u0142 d\u0142ugo oczekiwany przez uczestnik\u00f3w czas konfrontacji teorii z praktyk\u0105. Czytaj wi\u0119cej WYCIECZKA DO WARSZAWY\" \/>\n<meta property=\"og:url\" content=\"https:\/\/zrozumiecswiat.sosw.bochnia.pl\/index.php\/2021\/02\/24\/wycieczka-do-warszawy\/\" \/>\n<meta property=\"og:site_name\" content=\"Pozw\u00f3l mi zrozumie\u0107 \u015bwiat\" \/>\n<meta property=\"article:published_time\" content=\"2021-02-24T02:07:00+00:00\" \/>\n<meta property=\"article:modified_time\" content=\"2022-10-19T23:46:53+00:00\" \/>\n<meta property=\"og:image\" content=\"https:\/\/zrozumiecswiat.sosw.bochnia.pl\/wp-content\/uploads\/2022\/09\/w-5-scaled-e1663206167402.jpg\" \/>\n\t<meta property=\"og:image:width\" content=\"2560\" \/>\n\t<meta property=\"og:image:height\" content=\"1497\" \/>\n\t<meta property=\"og:image:type\" content=\"image\/jpeg\" \/>\n<meta name=\"author\" content=\"zrozumiec\" \/>\n<meta name=\"twitter:card\" content=\"summary_large_image\" \/>\n<meta name=\"twitter:label1\" content=\"Napisane przez\" \/>\n\t<meta name=\"twitter:data1\" content=\"zrozumiec\" \/>\n\t<meta name=\"twitter:label2\" content=\"Szacowany czas czytania\" \/>\n\t<meta name=\"twitter:data2\" content=\"3 minuty\" \/>\n<script type=\"application\/ld+json\" class=\"yoast-schema-graph\">{\"@context\":\"https:\\\/\\\/schema.org\",\"@graph\":[{\"@type\":\"Article\",\"@id\":\"https:\\\/\\\/zrozumiecswiat.sosw.bochnia.pl\\\/index.php\\\/2021\\\/02\\\/24\\\/wycieczka-do-warszawy\\\/#article\",\"isPartOf\":{\"@id\":\"https:\\\/\\\/zrozumiecswiat.sosw.bochnia.pl\\\/index.php\\\/2021\\\/02\\\/24\\\/wycieczka-do-warszawy\\\/\"},\"author\":{\"name\":\"zrozumiec\",\"@id\":\"https:\\\/\\\/zrozumiecswiat.sosw.bochnia.pl\\\/#\\\/schema\\\/person\\\/5bcd8d68a0ae16d12cb78d98c6d40c56\"},\"headline\":\"WYCIECZKA DO WARSZAWY\",\"datePublished\":\"2021-02-24T02:07:00+00:00\",\"dateModified\":\"2022-10-19T23:46:53+00:00\",\"mainEntityOfPage\":{\"@id\":\"https:\\\/\\\/zrozumiecswiat.sosw.bochnia.pl\\\/index.php\\\/2021\\\/02\\\/24\\\/wycieczka-do-warszawy\\\/\"},\"wordCount\":465,\"publisher\":{\"@id\":\"https:\\\/\\\/zrozumiecswiat.sosw.bochnia.pl\\\/#organization\"},\"image\":{\"@id\":\"https:\\\/\\\/zrozumiecswiat.sosw.bochnia.pl\\\/index.php\\\/2021\\\/02\\\/24\\\/wycieczka-do-warszawy\\\/#primaryimage\"},\"thumbnailUrl\":\"https:\\\/\\\/zrozumiecswiat.sosw.bochnia.pl\\\/wp-content\\\/uploads\\\/2022\\\/09\\\/w-5-scaled-e1663206167402.jpg\",\"articleSection\":[\"Aktualno\u015bci\"],\"inLanguage\":\"pl-PL\"},{\"@type\":\"WebPage\",\"@id\":\"https:\\\/\\\/zrozumiecswiat.sosw.bochnia.pl\\\/index.php\\\/2021\\\/02\\\/24\\\/wycieczka-do-warszawy\\\/\",\"url\":\"https:\\\/\\\/zrozumiecswiat.sosw.bochnia.pl\\\/index.php\\\/2021\\\/02\\\/24\\\/wycieczka-do-warszawy\\\/\",\"name\":\"WYCIECZKA DO WARSZAWY - Pozw\u00f3l mi zrozumie\u0107 \u015bwiat\",\"isPartOf\":{\"@id\":\"https:\\\/\\\/zrozumiecswiat.sosw.bochnia.pl\\\/#website\"},\"primaryImageOfPage\":{\"@id\":\"https:\\\/\\\/zrozumiecswiat.sosw.bochnia.pl\\\/index.php\\\/2021\\\/02\\\/24\\\/wycieczka-do-warszawy\\\/#primaryimage\"},\"image\":{\"@id\":\"https:\\\/\\\/zrozumiecswiat.sosw.bochnia.pl\\\/index.php\\\/2021\\\/02\\\/24\\\/wycieczka-do-warszawy\\\/#primaryimage\"},\"thumbnailUrl\":\"https:\\\/\\\/zrozumiecswiat.sosw.bochnia.pl\\\/wp-content\\\/uploads\\\/2022\\\/09\\\/w-5-scaled-e1663206167402.jpg\",\"datePublished\":\"2021-02-24T02:07:00+00:00\",\"dateModified\":\"2022-10-19T23:46:53+00:00\",\"breadcrumb\":{\"@id\":\"https:\\\/\\\/zrozumiecswiat.sosw.bochnia.pl\\\/index.php\\\/2021\\\/02\\\/24\\\/wycieczka-do-warszawy\\\/#breadcrumb\"},\"inLanguage\":\"pl-PL\",\"potentialAction\":[{\"@type\":\"ReadAction\",\"target\":[\"https:\\\/\\\/zrozumiecswiat.sosw.bochnia.pl\\\/index.php\\\/2021\\\/02\\\/24\\\/wycieczka-do-warszawy\\\/\"]}]},{\"@type\":\"ImageObject\",\"inLanguage\":\"pl-PL\",\"@id\":\"https:\\\/\\\/zrozumiecswiat.sosw.bochnia.pl\\\/index.php\\\/2021\\\/02\\\/24\\\/wycieczka-do-warszawy\\\/#primaryimage\",\"url\":\"https:\\\/\\\/zrozumiecswiat.sosw.bochnia.pl\\\/wp-content\\\/uploads\\\/2022\\\/09\\\/w-5-scaled-e1663206167402.jpg\",\"contentUrl\":\"https:\\\/\\\/zrozumiecswiat.sosw.bochnia.pl\\\/wp-content\\\/uploads\\\/2022\\\/09\\\/w-5-scaled-e1663206167402.jpg\",\"width\":2560,\"height\":1497},{\"@type\":\"BreadcrumbList\",\"@id\":\"https:\\\/\\\/zrozumiecswiat.sosw.bochnia.pl\\\/index.php\\\/2021\\\/02\\\/24\\\/wycieczka-do-warszawy\\\/#breadcrumb\",\"itemListElement\":[{\"@type\":\"ListItem\",\"position\":1,\"name\":\"Strona g\u0142\u00f3wna\",\"item\":\"https:\\\/\\\/zrozumiecswiat.sosw.bochnia.pl\\\/\"},{\"@type\":\"ListItem\",\"position\":2,\"name\":\"WYCIECZKA DO WARSZAWY\"}]},{\"@type\":\"WebSite\",\"@id\":\"https:\\\/\\\/zrozumiecswiat.sosw.bochnia.pl\\\/#website\",\"url\":\"https:\\\/\\\/zrozumiecswiat.sosw.bochnia.pl\\\/\",\"name\":\"Pozw\u00f3l mi zrozumie\u0107 \u015bwiat\",\"description\":\"\",\"publisher\":{\"@id\":\"https:\\\/\\\/zrozumiecswiat.sosw.bochnia.pl\\\/#organization\"},\"potentialAction\":[{\"@type\":\"SearchAction\",\"target\":{\"@type\":\"EntryPoint\",\"urlTemplate\":\"https:\\\/\\\/zrozumiecswiat.sosw.bochnia.pl\\\/?s={search_term_string}\"},\"query-input\":{\"@type\":\"PropertyValueSpecification\",\"valueRequired\":true,\"valueName\":\"search_term_string\"}}],\"inLanguage\":\"pl-PL\"},{\"@type\":\"Organization\",\"@id\":\"https:\\\/\\\/zrozumiecswiat.sosw.bochnia.pl\\\/#organization\",\"name\":\"Pozw\u00f3l mi zrozumie\u0107 \u015bwiat\",\"url\":\"https:\\\/\\\/zrozumiecswiat.sosw.bochnia.pl\\\/\",\"logo\":{\"@type\":\"ImageObject\",\"inLanguage\":\"pl-PL\",\"@id\":\"https:\\\/\\\/zrozumiecswiat.sosw.bochnia.pl\\\/#\\\/schema\\\/logo\\\/image\\\/\",\"url\":\"https:\\\/\\\/zrozumiecswiat.sosw.bochnia.pl\\\/wp-content\\\/uploads\\\/2022\\\/09\\\/sosw_right.png\",\"contentUrl\":\"https:\\\/\\\/zrozumiecswiat.sosw.bochnia.pl\\\/wp-content\\\/uploads\\\/2022\\\/09\\\/sosw_right.png\",\"width\":350,\"height\":86,\"caption\":\"Pozw\u00f3l mi zrozumie\u0107 \u015bwiat\"},\"image\":{\"@id\":\"https:\\\/\\\/zrozumiecswiat.sosw.bochnia.pl\\\/#\\\/schema\\\/logo\\\/image\\\/\"}},{\"@type\":\"Person\",\"@id\":\"https:\\\/\\\/zrozumiecswiat.sosw.bochnia.pl\\\/#\\\/schema\\\/person\\\/5bcd8d68a0ae16d12cb78d98c6d40c56\",\"name\":\"zrozumiec\",\"image\":{\"@type\":\"ImageObject\",\"inLanguage\":\"pl-PL\",\"@id\":\"https:\\\/\\\/secure.gravatar.com\\\/avatar\\\/36db499b07049ca11d60b3347b3137a92495569350d7773933f6ee3f92f8b67a?s=96&d=blank&r=g\",\"url\":\"https:\\\/\\\/secure.gravatar.com\\\/avatar\\\/36db499b07049ca11d60b3347b3137a92495569350d7773933f6ee3f92f8b67a?s=96&d=blank&r=g\",\"contentUrl\":\"https:\\\/\\\/secure.gravatar.com\\\/avatar\\\/36db499b07049ca11d60b3347b3137a92495569350d7773933f6ee3f92f8b67a?s=96&d=blank&r=g\",\"caption\":\"zrozumiec\"},\"sameAs\":[\"http:\\\/\\\/zrozumiecswiat.sosw.bochnia.pl\"],\"url\":\"https:\\\/\\\/zrozumiecswiat.sosw.bochnia.pl\\\/index.php\\\/author\\\/zrozumiec\\\/\"}]}<\/script>\n<!-- \/ Yoast SEO plugin. -->","yoast_head_json":{"title":"WYCIECZKA DO WARSZAWY - Pozw\u00f3l mi zrozumie\u0107 \u015bwiat","robots":{"index":"index","follow":"follow","max-snippet":"max-snippet:-1","max-image-preview":"max-image-preview:large","max-video-preview":"max-video-preview:-1"},"canonical":"https:\/\/zrozumiecswiat.sosw.bochnia.pl\/index.php\/2021\/02\/24\/wycieczka-do-warszawy\/","og_locale":"pl_PL","og_type":"article","og_title":"WYCIECZKA DO WARSZAWY - Pozw\u00f3l mi zrozumie\u0107 \u015bwiat","og_description":"Po kilku miesi\u0105cach zaj\u0119\u0107 z przedmiot\u00f3w matematyczno-przyrodniczych prowadzonych w ramach projektu \u201ePozw\u00f3l mi zrozumie\u0107 \u015bwiat\u201d nadszed\u0142 d\u0142ugo oczekiwany przez uczestnik\u00f3w czas konfrontacji teorii z praktyk\u0105. Czytaj wi\u0119cej WYCIECZKA DO WARSZAWY","og_url":"https:\/\/zrozumiecswiat.sosw.bochnia.pl\/index.php\/2021\/02\/24\/wycieczka-do-warszawy\/","og_site_name":"Pozw\u00f3l mi zrozumie\u0107 \u015bwiat","article_published_time":"2021-02-24T02:07:00+00:00","article_modified_time":"2022-10-19T23:46:53+00:00","og_image":[{"width":2560,"height":1497,"url":"https:\/\/zrozumiecswiat.sosw.bochnia.pl\/wp-content\/uploads\/2022\/09\/w-5-scaled-e1663206167402.jpg","type":"image\/jpeg"}],"author":"zrozumiec","twitter_card":"summary_large_image","twitter_misc":{"Napisane przez":"zrozumiec","Szacowany czas czytania":"3 minuty"},"schema":{"@context":"https:\/\/schema.org","@graph":[{"@type":"Article","@id":"https:\/\/zrozumiecswiat.sosw.bochnia.pl\/index.php\/2021\/02\/24\/wycieczka-do-warszawy\/#article","isPartOf":{"@id":"https:\/\/zrozumiecswiat.sosw.bochnia.pl\/index.php\/2021\/02\/24\/wycieczka-do-warszawy\/"},"author":{"name":"zrozumiec","@id":"https:\/\/zrozumiecswiat.sosw.bochnia.pl\/#\/schema\/person\/5bcd8d68a0ae16d12cb78d98c6d40c56"},"headline":"WYCIECZKA DO WARSZAWY","datePublished":"2021-02-24T02:07:00+00:00","dateModified":"2022-10-19T23:46:53+00:00","mainEntityOfPage":{"@id":"https:\/\/zrozumiecswiat.sosw.bochnia.pl\/index.php\/2021\/02\/24\/wycieczka-do-warszawy\/"},"wordCount":465,"publisher":{"@id":"https:\/\/zrozumiecswiat.sosw.bochnia.pl\/#organization"},"image":{"@id":"https:\/\/zrozumiecswiat.sosw.bochnia.pl\/index.php\/2021\/02\/24\/wycieczka-do-warszawy\/#primaryimage"},"thumbnailUrl":"https:\/\/zrozumiecswiat.sosw.bochnia.pl\/wp-content\/uploads\/2022\/09\/w-5-scaled-e1663206167402.jpg","articleSection":["Aktualno\u015bci"],"inLanguage":"pl-PL"},{"@type":"WebPage","@id":"https:\/\/zrozumiecswiat.sosw.bochnia.pl\/index.php\/2021\/02\/24\/wycieczka-do-warszawy\/","url":"https:\/\/zrozumiecswiat.sosw.bochnia.pl\/index.php\/2021\/02\/24\/wycieczka-do-warszawy\/","name":"WYCIECZKA DO WARSZAWY - Pozw\u00f3l mi zrozumie\u0107 \u015bwiat","isPartOf":{"@id":"https:\/\/zrozumiecswiat.sosw.bochnia.pl\/#website"},"primaryImageOfPage":{"@id":"https:\/\/zrozumiecswiat.sosw.bochnia.pl\/index.php\/2021\/02\/24\/wycieczka-do-warszawy\/#primaryimage"},"image":{"@id":"https:\/\/zrozumiecswiat.sosw.bochnia.pl\/index.php\/2021\/02\/24\/wycieczka-do-warszawy\/#primaryimage"},"thumbnailUrl":"https:\/\/zrozumiecswiat.sosw.bochnia.pl\/wp-content\/uploads\/2022\/09\/w-5-scaled-e1663206167402.jpg","datePublished":"2021-02-24T02:07:00+00:00","dateModified":"2022-10-19T23:46:53+00:00","breadcrumb":{"@id":"https:\/\/zrozumiecswiat.sosw.bochnia.pl\/index.php\/2021\/02\/24\/wycieczka-do-warszawy\/#breadcrumb"},"inLanguage":"pl-PL","potentialAction":[{"@type":"ReadAction","target":["https:\/\/zrozumiecswiat.sosw.bochnia.pl\/index.php\/2021\/02\/24\/wycieczka-do-warszawy\/"]}]},{"@type":"ImageObject","inLanguage":"pl-PL","@id":"https:\/\/zrozumiecswiat.sosw.bochnia.pl\/index.php\/2021\/02\/24\/wycieczka-do-warszawy\/#primaryimage","url":"https:\/\/zrozumiecswiat.sosw.bochnia.pl\/wp-content\/uploads\/2022\/09\/w-5-scaled-e1663206167402.jpg","contentUrl":"https:\/\/zrozumiecswiat.sosw.bochnia.pl\/wp-content\/uploads\/2022\/09\/w-5-scaled-e1663206167402.jpg","width":2560,"height":1497},{"@type":"BreadcrumbList","@id":"https:\/\/zrozumiecswiat.sosw.bochnia.pl\/index.php\/2021\/02\/24\/wycieczka-do-warszawy\/#breadcrumb","itemListElement":[{"@type":"ListItem","position":1,"name":"Strona g\u0142\u00f3wna","item":"https:\/\/zrozumiecswiat.sosw.bochnia.pl\/"},{"@type":"ListItem","position":2,"name":"WYCIECZKA DO WARSZAWY"}]},{"@type":"WebSite","@id":"https:\/\/zrozumiecswiat.sosw.bochnia.pl\/#website","url":"https:\/\/zrozumiecswiat.sosw.bochnia.pl\/","name":"Pozw\u00f3l mi zrozumie\u0107 \u015bwiat","description":"","publisher":{"@id":"https:\/\/zrozumiecswiat.sosw.bochnia.pl\/#organization"},"potentialAction":[{"@type":"SearchAction","target":{"@type":"EntryPoint","urlTemplate":"https:\/\/zrozumiecswiat.sosw.bochnia.pl\/?s={search_term_string}"},"query-input":{"@type":"PropertyValueSpecification","valueRequired":true,"valueName":"search_term_string"}}],"inLanguage":"pl-PL"},{"@type":"Organization","@id":"https:\/\/zrozumiecswiat.sosw.bochnia.pl\/#organization","name":"Pozw\u00f3l mi zrozumie\u0107 \u015bwiat","url":"https:\/\/zrozumiecswiat.sosw.bochnia.pl\/","logo":{"@type":"ImageObject","inLanguage":"pl-PL","@id":"https:\/\/zrozumiecswiat.sosw.bochnia.pl\/#\/schema\/logo\/image\/","url":"https:\/\/zrozumiecswiat.sosw.bochnia.pl\/wp-content\/uploads\/2022\/09\/sosw_right.png","contentUrl":"https:\/\/zrozumiecswiat.sosw.bochnia.pl\/wp-content\/uploads\/2022\/09\/sosw_right.png","width":350,"height":86,"caption":"Pozw\u00f3l mi zrozumie\u0107 \u015bwiat"},"image":{"@id":"https:\/\/zrozumiecswiat.sosw.bochnia.pl\/#\/schema\/logo\/image\/"}},{"@type":"Person","@id":"https:\/\/zrozumiecswiat.sosw.bochnia.pl\/#\/schema\/person\/5bcd8d68a0ae16d12cb78d98c6d40c56","name":"zrozumiec","image":{"@type":"ImageObject","inLanguage":"pl-PL","@id":"https:\/\/secure.gravatar.com\/avatar\/36db499b07049ca11d60b3347b3137a92495569350d7773933f6ee3f92f8b67a?s=96&d=blank&r=g","url":"https:\/\/secure.gravatar.com\/avatar\/36db499b07049ca11d60b3347b3137a92495569350d7773933f6ee3f92f8b67a?s=96&d=blank&r=g","contentUrl":"https:\/\/secure.gravatar.com\/avatar\/36db499b07049ca11d60b3347b3137a92495569350d7773933f6ee3f92f8b67a?s=96&d=blank&r=g","caption":"zrozumiec"},"sameAs":["http:\/\/zrozumiecswiat.sosw.bochnia.pl"],"url":"https:\/\/zrozumiecswiat.sosw.bochnia.pl\/index.php\/author\/zrozumiec\/"}]}},"_links":{"self":[{"href":"https:\/\/zrozumiecswiat.sosw.bochnia.pl\/index.php\/wp-json\/wp\/v2\/posts\/141","targetHints":{"allow":["GET"]}}],"collection":[{"href":"https:\/\/zrozumiecswiat.sosw.bochnia.pl\/index.php\/wp-json\/wp\/v2\/posts"}],"about":[{"href":"https:\/\/zrozumiecswiat.sosw.bochnia.pl\/index.php\/wp-json\/wp\/v2\/types\/post"}],"author":[{"embeddable":true,"href":"https:\/\/zrozumiecswiat.sosw.bochnia.pl\/index.php\/wp-json\/wp\/v2\/users\/1"}],"replies":[{"embeddable":true,"href":"https:\/\/zrozumiecswiat.sosw.bochnia.pl\/index.php\/wp-json\/wp\/v2\/comments?post=141"}],"version-history":[{"count":11,"href":"https:\/\/zrozumiecswiat.sosw.bochnia.pl\/index.php\/wp-json\/wp\/v2\/posts\/141\/revisions"}],"predecessor-version":[{"id":461,"href":"https:\/\/zrozumiecswiat.sosw.bochnia.pl\/index.php\/wp-json\/wp\/v2\/posts\/141\/revisions\/461"}],"wp:featuredmedia":[{"embeddable":true,"href":"https:\/\/zrozumiecswiat.sosw.bochnia.pl\/index.php\/wp-json\/wp\/v2\/media\/142"}],"wp:attachment":[{"href":"https:\/\/zrozumiecswiat.sosw.bochnia.pl\/index.php\/wp-json\/wp\/v2\/media?parent=141"}],"wp:term":[{"taxonomy":"category","embeddable":true,"href":"https:\/\/zrozumiecswiat.sosw.bochnia.pl\/index.php\/wp-json\/wp\/v2\/categories?post=141"},{"taxonomy":"post_tag","embeddable":true,"href":"https:\/\/zrozumiecswiat.sosw.bochnia.pl\/index.php\/wp-json\/wp\/v2\/tags?post=141"}],"curies":[{"name":"wp","href":"https:\/\/api.w.org\/{rel}","templated":true}]}}