{"id":254,"date":"2021-05-19T11:52:00","date_gmt":"2021-05-19T09:52:00","guid":{"rendered":"http:\/\/zrozumiecswiat.sosw.bochnia.pl\/?p=254"},"modified":"2022-09-19T20:36:20","modified_gmt":"2022-09-19T18:36:20","slug":"wycieczka-do-wroclawia","status":"publish","type":"post","link":"https:\/\/zrozumiecswiat.sosw.bochnia.pl\/index.php\/2021\/05\/19\/wycieczka-do-wroclawia\/","title":{"rendered":"WYCIECZKA DO WROC\u0141AWIA"},"content":{"rendered":"\n<p>18.05 &#8211; 19.05.2021 r.<\/p>\n\n\n\n<h2 class=\"wp-block-heading\">Zadanie 1: Zaj\u0119cia rozwijaj\u0105ce kompetencje matematyczno-przyrodnicze<\/h2>\n\n\n\n<p><strong>\u201eWszystko zaczyna si\u0119 od wody\u201d<\/strong> &#8211; to nie tylko motyw przewodni naszej wycieczki, ale tak\u017ce jej pocz\u0105tek. Rz\u0119sisty, ciep\u0142y, wiosenny deszcz, kt\u00f3ry towarzyszy\u0142 nam wczesnym porankiem w dniu wyjazdu wspaniale wprowadzi\u0142 uczni\u00f3w w og\u00f3\u0142 zagadnie\u0144 zwi\u0105zanych z tematyk\u0105 wycieczki. Aby najpe\u0142niej zrozumie\u0107 wielo\u015b\u0107 i z\u0142o\u017cono\u015b\u0107 zjawisk zwi\u0105zanych z wod\u0105 celem naszej wyprawy uczynili\u015bmy Wroc\u0142aw. To w\u0142a\u015bnie tutaj mogli\u015bmy w pe\u0142ni do\u015bwiadcza\u0107 i poznawa\u0107 fascynuj\u0105ce uj\u0119cia, ods\u0142ony i zastosowania b\u0119d\u0105cej \u017ar\u00f3d\u0142em \u017cycia &#8211; wody.<\/p>\n\n\n\n<h3 class=\"wp-block-heading\">W Afrykarium<\/h3>\n\n\n<p>Maj\u0105c na uwadze, \u017ce woda i przyroda zawsze id\u0105 w parze nasze pierwsze kroki we Wroc\u0142awiu skierowali\u015bmy do unikatowego na skal\u0119 \u015bwiatow\u0105 Afrykarium, przedstawiaj\u0105cego r\u00f3\u017cne ekosystemy zwi\u0105zane ze \u015brodowiskiem wodnym Afryki. Po\u015br\u00f3d wielu zgromadzonych tu pere\u0142ek przyrodniczych szczeg\u00f3lnie zachwyci\u0142a nas rafa koralowa Morza Czerwonego z wieloma gatunkami, pi\u0119knych, kolorowych ryb oraz 18 metrowy Kana\u0142 Mozambicki, kt\u00f3ry pozwoli\u0142 nam na podziwianie \u017c\u00f3\u0142wia zielonego, rekin\u00f3w, p\u0142ywaj\u0105cych z pe\u0142n\u0105 gracj\u0105 p\u0142aszczek, a tak\u017ce innych, nieznanych nam dot\u0105d gatunk\u00f3w ryb.<\/p>\n<p>W strefie Wybrze\u017ca Szkielet\u00f3w nasz\u0105 uwag\u0119 przyku\u0142y olbrzymie mureny, niezwyk\u0142e meduzy oraz inne ciekawe gatunki ryb, na przyk\u0142ad skrzydlice. Tutaj mieli\u015bmy tak\u017ce sposobno\u015b\u0107 obserwowania pingwin\u00f3w oraz bardzo podobnych do fok &#8211; kotik\u00f3w afryka\u0144skich.<\/p>\n<p>Dalsza trasa zaprowadzi\u0142a nas wprost do D\u017cungli nad rzek\u0105 Kongo. W lesie tropikalnym bardzo szybko poczuli\u015bmy jak wygl\u0105da \u017cycie w strefie gor\u0105cego, wilgotnego klimatu r\u00f3wnikowego. W po\u015bpiechu \u015bci\u0105gali\u015bmy kurtki i bluzy oraz poszukiwali\u015bmy &#8211; o dziwo, nie \u017cyj\u0105cych tu m.in. krokodyli &#8211; a miejsca, w kt\u00f3rym mogliby\u015bmy poczu\u0107 powiew orze\u017awiaj\u0105cego powietrza.<\/p>\n<p>Nie spos\u00f3b opisa\u0107 ca\u0142ego bogactwa fauny i flory Afrykarium, ale mo\u017cna przypuszcza\u0107, \u017ce wspomnienia z tego miejsca na d\u0142ugo pozostan\u0105 w naszej pami\u0119ci. Po wyj\u015bciu z Afrykarium zwiedzili\u015bmy jeszcze po cz\u0119\u015bci ogr\u00f3d zoologiczny, a poniewa\u017c \u201ewszystko zaczyna si\u0119 od wody\u201d &#8211; wroc\u0142awskie zoo \u017cegna\u0142o nas kr\u00f3tk\u0105 burz\u0105 z ciep\u0142ym deszczem i kulkami gradu. P\u00f3\u017anym popo\u0142udniem zwiedzaj\u0105c star\u00f3wk\u0119 uda\u0142o nam si\u0119 odnale\u017a\u0107 ponad 60 wroc\u0142awskich krasnali. Niekt\u00f3re z nich sta\u0142y si\u0119 \u017ar\u00f3d\u0142em ekspresji plastycznej uczni\u00f3w.<\/p>\n<h3>Hydropolis<\/h3>\n<p>W drugim dniu naszego pobytu we Wroc\u0142awiu udali\u015bmy si\u0119 do centrum nauki o wodzie Hydropolis. Nasza wizyta rozpocz\u0119\u0142a si\u0119 od udzia\u0142u w warsztatach pn. Domowe &#8222;less waste&#8221;. Zaj\u0119cia zosta\u0142y przygotowane w duchu zero waste. Uczniowie z naturalnych i og\u00f3lnodost\u0119pnych sk\u0142adnik\u00f3w w\u0142asnor\u0119cznie przygotowali \u015brodki czysto\u015bci. Zadanie nie by\u0142o wcale \u0142atwe! Nale\u017ca\u0142o dobra\u0107 odpowiednie produkty, dok\u0142adnie odmierzy\u0107 lub przeliczy\u0107 wskazane proporcje, przesypa\u0107, potem miesza\u0107, miesza\u0107, miesza\u0107, przela\u0107, podpisa\u0107 i gotowe. Wszystkie mikstury zosta\u0142y przygotowane z aptekarsk\u0105 dok\u0142adno\u015bci\u0105 i dopuszczone do u\u017cytku.<\/p>\n<p>Do szko\u0142y przywie\u017ali\u015bmy wi\u0119c spore ilo\u015bci p\u0142ynu do mycia szyb, czyszczenia pod\u0142\u00f3g, blat\u00f3w, p\u0142yn do zmi\u0119kczania tkanin oraz od\u015bwie\u017cacze powietrza. Podczas zaj\u0119\u0107 dowiedzieli\u015bmy si\u0105 tak\u017ce, kt\u00f3re substancje powszechnie stosowane w domu negatywnie wp\u0142ywaj\u0105 na nasze zdrowie oraz stan \u015brodowiska naturalnego.<\/p>\n<p>Po cz\u0119\u015bci warsztatowej rozpocz\u0119li\u015bmy zwiedzanie obiektu. Ju\u017c na samym pocz\u0105tku bardzo spodoba\u0142a nam si\u0119 drukarka wodna zainstalowana na wysoko\u015bci wej\u015bcia do budynku. Dzia\u0142a\u0142a ona niczym kurtyna wodna, rozchylaj\u0105c si\u0119 przed nami, dzi\u0119ki temu uda\u0142o nam si\u0119 przej\u015b\u0107 such\u0105 stop\u0105 przez kreowan\u0105 we wzory i napisy \u201c\u015bcian\u0119 wody\u201d.<\/p>\n<p>Dalej, w o\u015bmiu tematycznie zwi\u0105zanych z wod\u0105 strefach Hydropolis poznali\u015bmy w\u0142a\u015bciwo\u015bci wody oraz zrozumieli\u015bmy, dlaczego jest ona tak bardzo istotna dla wszystkich aspekt\u00f3w naszego \u017cycia.<\/p>\n<h4>Film<\/h4>\n<p>Wprowadzeniem w interesuj\u0105ce nas zagadnienia by\u0142a projekcja filmu pt. Planeta wody, kt\u00f3ry opowiada o powstaniu wody na Ziemi. Dowiedzieli\u015bmy si\u0119, w jaki spos\u00f3b powsta\u0142a woda i jak jest jej du\u017co we wszech\u015bwiecie. W kolejnych ekspozycjach przyjrzeli\u015bmy si\u0119 relacji cz\u0142owieka z wod\u0105, funkcji jakie pe\u0142ni woda w naszych organizmach oraz poznali\u015bmy jej \u201esacrum\u201d w r\u00f3\u017cnych kulturach i religiach. Nie zabrak\u0142o oczywi\u015bcie ciekawych wizualizacji ukazuj\u0105cych wszystkie stany skupienia wody oraz mo\u017cliwo\u015bci sensorycznego doznawania podczas zamiany pary wodnej w ogie\u0144. Dzi\u0119ki symulatorowi \u015bniegu mogli\u015bmy do\u015bwiadczy\u0107 u schy\u0142ku maja kontrolowanej zamieci i burzy \u015bnie\u017cnej. Niew\u0105tpliw\u0105 atrakcj\u0105 by\u0142a tak\u017ce imponuj\u0105ca satelitarna mapa Wroc\u0142awia z m.in. wizualizacj\u0105 powodzi, kt\u00f3ra w lipcu 1997 roku nawiedzi\u0142a Polsk\u0119.<\/p>\n<h4>Strefa G\u0142\u0119biny<\/h4>\n<p>Kolejna, interesuj\u0105ca propozycja Hydropolis to Strefa G\u0142\u0119biny. Z bliska mogli\u015bmy odkry\u0107 niesamowite \u017cycie ukryte w ciemno\u015bciach. Na odwa\u017cnych (a tych nie zabrak\u0142o!) czeka\u0142 tu batyskaf. Mo\u017cna nim by\u0142o odby\u0107 podr\u00f3\u017c do najg\u0142\u0119bszego &#8211; znajduj\u0105cego si\u0119 11 kilometr\u00f3w pod powierzchni\u0105 oceanu &#8211; miejsca na Ziemi.<\/p>\n<p>W dalszych strefach poznawali\u015bmy histori\u0119 in\u017cynierii wodnej, metody racjonalnego gospodarowania wod\u0105 oraz systemy jej oczyszczania.<\/p>\n<h4>Star\u00f3wka Wroc\u0142awia<\/h4>\n<p>Zm\u0119czeni du\u017c\u0105 ilo\u015bci\u0105 wra\u017ce\u0144 dotarli\u015bmy do strefy relaksu. W fantastycznej wizualizacji las\u00f3w deszczowych rzeki Amazonki mogli\u015bmy odpocz\u0105\u0107 na le\u017cakach i nabra\u0107 si\u0142 na dalsze zwiedzanie. W\u0119drowali\u015bmy malowniczymi uliczkami Ostrowa Tumskiego zas\u0142uchani w legendy tumskie. Poznali\u015bmy najstarsze, nastrojowe miejsce we Wroc\u0142awiu, popularne szczeg\u00f3lnie w\u015br\u00f3d zakochanych, spacerowicz\u00f3w i turyst\u00f3w.<\/p>\n<h3>Wspomnienia i do\u015bwiadczenia<\/h3>\n<p>Przepe\u0142nieni mi\u0142ymi prze\u017cyciami, a przede wszystkim bogaci w nowe wiadomo\u015bci i umiej\u0119tno\u015bci szcz\u0119\u015bliwie wr\u00f3cili\u015bmy do naszych dom\u00f3w. Realizacja programu wycieczki przyczyni\u0142a si\u0119 bez w\u0105tpienia do lepszego rozumienia przez uczni\u00f3w wielu zjawisk wyst\u0119puj\u0105cych w otaczaj\u0105cym \u015bwiecie.<\/p>\n<p>Wycieczka zosta\u0142a zorganizowana w ramach projektu pn. Pozw\u00f3l mi zrozumie\u0107 \u015bwiat, Regionalny Program Operacyjny Wojew\u00f3dztwa Ma\u0142opolskiego na lata 2014-2020, Poddzia\u0142anie 10.1.3. Edukacja w szko\u0142ach prowadz\u0105cych kszta\u0142cenie og\u00f3lne.<\/p>\n\n\n<div class=\"wp-block-group is-content-justification-center is-nowrap is-layout-flex wp-container-core-group-is-layout-94bc23d7 wp-block-group-is-layout-flex\"><div class=\"wp-block-image\">\n<figure class=\"aligncenter size-large\"><img loading=\"lazy\" decoding=\"async\" width=\"1024\" height=\"768\" src=\"http:\/\/zrozumiecswiat.sosw.bochnia.pl\/wp-content\/uploads\/2021\/05\/5-1024x768.jpg\" alt=\"Dziewczynka dotyka d\u0142oni\u0105 \u015bciany akwarium. W tle wida\u0107 du\u017c\u0105 ryb\u0119.\" class=\"wp-image-258\" srcset=\"https:\/\/zrozumiecswiat.sosw.bochnia.pl\/wp-content\/uploads\/2021\/05\/5-1024x768.jpg 1024w, https:\/\/zrozumiecswiat.sosw.bochnia.pl\/wp-content\/uploads\/2021\/05\/5-300x225.jpg 300w, https:\/\/zrozumiecswiat.sosw.bochnia.pl\/wp-content\/uploads\/2021\/05\/5-768x576.jpg 768w, https:\/\/zrozumiecswiat.sosw.bochnia.pl\/wp-content\/uploads\/2021\/05\/5.jpg 1200w\" sizes=\"auto, (max-width: 1024px) 100vw, 1024px\" \/><\/figure>\n<\/div><\/div>\n\n\n\n<div class=\"wp-block-columns is-layout-flex wp-container-core-columns-is-layout-9d6595d7 wp-block-columns-is-layout-flex\">\n<div class=\"wp-block-column is-layout-flow wp-block-column-is-layout-flow\" style=\"flex-basis:100%\">\n<div class=\"wp-block-group alignfull has-text-color has-background\" style=\"background-color:#ffffff;color:#000000\"><div class=\"wp-block-group__inner-container is-layout-flow wp-block-group-is-layout-flow\">\n<div class=\"wp-block-buttons is-horizontal is-content-justification-center is-layout-flex wp-container-core-buttons-is-layout-499968f5 wp-block-buttons-is-layout-flex\">\n<div class=\"wp-block-button has-custom-width wp-block-button__width-25 is-style-fill\"><a class=\"wp-block-button__link has-vivid-red-background-color has-text-color has-background\" href=\"https:\/\/photos.app.goo.gl\/D5FkgDDMKG6ZYHjv8\" style=\"border-radius:50px;color:#ffffff\" target=\"_blank\" rel=\"noreferrer noopener\">Galeria<\/a><\/div>\n<\/div>\n<\/div><\/div>\n<\/div>\n<\/div>\n\n\n\n<div class=\"wp-block-columns is-layout-flex wp-container-core-columns-is-layout-9d6595d7 wp-block-columns-is-layout-flex\">\n<div class=\"wp-block-column is-layout-flow wp-block-column-is-layout-flow\"><\/div>\n\n\n\n<div class=\"wp-block-column is-layout-flow wp-block-column-is-layout-flow\"><\/div>\n<\/div>\n\n\n\n<div style=\"height:10px\" aria-hidden=\"true\" class=\"wp-block-spacer\"><\/div>\n\n\n\n<div class=\"wp-block-buttons is-content-justification-right is-layout-flex wp-container-core-buttons-is-layout-765c4724 wp-block-buttons-is-layout-flex\">\n<div class=\"wp-block-button\"><a class=\"wp-block-button__link\" href=\"http:\/\/zrozumiecswiat.sosw.bochnia.pl\/index.php\/wydarzenia\/\">powr\u00f3t<\/a><\/div>\n<\/div>\n\n\n\n<p><\/p>\n","protected":false},"excerpt":{"rendered":"<p>\u201eWszystko zaczyna si\u0119 od wody\u201d &#8211; to nie tylko motyw przewodni naszej wycieczki, ale tak\u017ce jej pocz\u0105tek. Rz\u0119sisty, ciep\u0142y, wiosenny deszcz, kt\u00f3ry towarzyszy\u0142 nam wczesnym porankiem w dniu wyjazdu wspaniale wprowadzi\u0142 uczni\u00f3w w og\u00f3\u0142 zagadnie\u0144 zwi\u0105zanych z tematyk\u0105 wycieczki. <a class=\"continue\" href=\"https:\/\/zrozumiecswiat.sosw.bochnia.pl\/index.php\/2021\/05\/19\/wycieczka-do-wroclawia\/\">Czytaj wi\u0119cej<span> WYCIECZKA DO WROC\u0141AWIA<\/span><\/a><\/p>\n","protected":false},"author":1,"featured_media":270,"comment_status":"closed","ping_status":"closed","sticky":false,"template":"","format":"standard","meta":{"footnotes":""},"categories":[1],"tags":[],"class_list":["post-254","post","type-post","status-publish","format-standard","has-post-thumbnail","hentry","category-aktualnosci"],"yoast_head":"<!-- This site is optimized with the Yoast SEO plugin v27.4 - https:\/\/yoast.com\/product\/yoast-seo-wordpress\/ -->\n<title>WYCIECZKA DO WROC\u0141AWIA - Pozw\u00f3l mi zrozumie\u0107 \u015bwiat<\/title>\n<meta name=\"robots\" content=\"index, follow, max-snippet:-1, max-image-preview:large, max-video-preview:-1\" \/>\n<link rel=\"canonical\" href=\"https:\/\/zrozumiecswiat.sosw.bochnia.pl\/index.php\/2021\/05\/19\/wycieczka-do-wroclawia\/\" \/>\n<meta property=\"og:locale\" content=\"pl_PL\" \/>\n<meta property=\"og:type\" content=\"article\" \/>\n<meta property=\"og:title\" content=\"WYCIECZKA DO WROC\u0141AWIA - Pozw\u00f3l mi zrozumie\u0107 \u015bwiat\" \/>\n<meta property=\"og:description\" content=\"\u201eWszystko zaczyna si\u0119 od wody\u201d - to nie tylko motyw przewodni naszej wycieczki, ale tak\u017ce jej pocz\u0105tek. Rz\u0119sisty, ciep\u0142y, wiosenny deszcz, kt\u00f3ry towarzyszy\u0142 nam wczesnym porankiem w dniu wyjazdu wspaniale wprowadzi\u0142 uczni\u00f3w w og\u00f3\u0142 zagadnie\u0144 zwi\u0105zanych z tematyk\u0105 wycieczki. Czytaj wi\u0119cej WYCIECZKA DO WROC\u0141AWIA\" \/>\n<meta property=\"og:url\" content=\"https:\/\/zrozumiecswiat.sosw.bochnia.pl\/index.php\/2021\/05\/19\/wycieczka-do-wroclawia\/\" \/>\n<meta property=\"og:site_name\" content=\"Pozw\u00f3l mi zrozumie\u0107 \u015bwiat\" \/>\n<meta property=\"article:published_time\" content=\"2021-05-19T09:52:00+00:00\" \/>\n<meta property=\"article:modified_time\" content=\"2022-09-19T18:36:20+00:00\" \/>\n<meta property=\"og:image\" content=\"https:\/\/zrozumiecswiat.sosw.bochnia.pl\/wp-content\/uploads\/2021\/05\/44.jpg\" \/>\n\t<meta property=\"og:image:width\" content=\"1200\" \/>\n\t<meta property=\"og:image:height\" content=\"900\" \/>\n\t<meta property=\"og:image:type\" content=\"image\/jpeg\" \/>\n<meta name=\"author\" content=\"zrozumiec\" \/>\n<meta name=\"twitter:card\" content=\"summary_large_image\" \/>\n<meta name=\"twitter:label1\" content=\"Napisane przez\" \/>\n\t<meta name=\"twitter:data1\" content=\"zrozumiec\" \/>\n\t<meta name=\"twitter:label2\" content=\"Szacowany czas czytania\" \/>\n\t<meta name=\"twitter:data2\" content=\"5 minut\" \/>\n<script type=\"application\/ld+json\" class=\"yoast-schema-graph\">{\"@context\":\"https:\\\/\\\/schema.org\",\"@graph\":[{\"@type\":\"Article\",\"@id\":\"https:\\\/\\\/zrozumiecswiat.sosw.bochnia.pl\\\/index.php\\\/2021\\\/05\\\/19\\\/wycieczka-do-wroclawia\\\/#article\",\"isPartOf\":{\"@id\":\"https:\\\/\\\/zrozumiecswiat.sosw.bochnia.pl\\\/index.php\\\/2021\\\/05\\\/19\\\/wycieczka-do-wroclawia\\\/\"},\"author\":{\"name\":\"zrozumiec\",\"@id\":\"https:\\\/\\\/zrozumiecswiat.sosw.bochnia.pl\\\/#\\\/schema\\\/person\\\/5bcd8d68a0ae16d12cb78d98c6d40c56\"},\"headline\":\"WYCIECZKA DO WROC\u0141AWIA\",\"datePublished\":\"2021-05-19T09:52:00+00:00\",\"dateModified\":\"2022-09-19T18:36:20+00:00\",\"mainEntityOfPage\":{\"@id\":\"https:\\\/\\\/zrozumiecswiat.sosw.bochnia.pl\\\/index.php\\\/2021\\\/05\\\/19\\\/wycieczka-do-wroclawia\\\/\"},\"wordCount\":1040,\"publisher\":{\"@id\":\"https:\\\/\\\/zrozumiecswiat.sosw.bochnia.pl\\\/#organization\"},\"image\":{\"@id\":\"https:\\\/\\\/zrozumiecswiat.sosw.bochnia.pl\\\/index.php\\\/2021\\\/05\\\/19\\\/wycieczka-do-wroclawia\\\/#primaryimage\"},\"thumbnailUrl\":\"https:\\\/\\\/zrozumiecswiat.sosw.bochnia.pl\\\/wp-content\\\/uploads\\\/2021\\\/05\\\/44.jpg\",\"articleSection\":[\"Aktualno\u015bci\"],\"inLanguage\":\"pl-PL\"},{\"@type\":\"WebPage\",\"@id\":\"https:\\\/\\\/zrozumiecswiat.sosw.bochnia.pl\\\/index.php\\\/2021\\\/05\\\/19\\\/wycieczka-do-wroclawia\\\/\",\"url\":\"https:\\\/\\\/zrozumiecswiat.sosw.bochnia.pl\\\/index.php\\\/2021\\\/05\\\/19\\\/wycieczka-do-wroclawia\\\/\",\"name\":\"WYCIECZKA DO WROC\u0141AWIA - Pozw\u00f3l mi zrozumie\u0107 \u015bwiat\",\"isPartOf\":{\"@id\":\"https:\\\/\\\/zrozumiecswiat.sosw.bochnia.pl\\\/#website\"},\"primaryImageOfPage\":{\"@id\":\"https:\\\/\\\/zrozumiecswiat.sosw.bochnia.pl\\\/index.php\\\/2021\\\/05\\\/19\\\/wycieczka-do-wroclawia\\\/#primaryimage\"},\"image\":{\"@id\":\"https:\\\/\\\/zrozumiecswiat.sosw.bochnia.pl\\\/index.php\\\/2021\\\/05\\\/19\\\/wycieczka-do-wroclawia\\\/#primaryimage\"},\"thumbnailUrl\":\"https:\\\/\\\/zrozumiecswiat.sosw.bochnia.pl\\\/wp-content\\\/uploads\\\/2021\\\/05\\\/44.jpg\",\"datePublished\":\"2021-05-19T09:52:00+00:00\",\"dateModified\":\"2022-09-19T18:36:20+00:00\",\"breadcrumb\":{\"@id\":\"https:\\\/\\\/zrozumiecswiat.sosw.bochnia.pl\\\/index.php\\\/2021\\\/05\\\/19\\\/wycieczka-do-wroclawia\\\/#breadcrumb\"},\"inLanguage\":\"pl-PL\",\"potentialAction\":[{\"@type\":\"ReadAction\",\"target\":[\"https:\\\/\\\/zrozumiecswiat.sosw.bochnia.pl\\\/index.php\\\/2021\\\/05\\\/19\\\/wycieczka-do-wroclawia\\\/\"]}]},{\"@type\":\"ImageObject\",\"inLanguage\":\"pl-PL\",\"@id\":\"https:\\\/\\\/zrozumiecswiat.sosw.bochnia.pl\\\/index.php\\\/2021\\\/05\\\/19\\\/wycieczka-do-wroclawia\\\/#primaryimage\",\"url\":\"https:\\\/\\\/zrozumiecswiat.sosw.bochnia.pl\\\/wp-content\\\/uploads\\\/2021\\\/05\\\/44.jpg\",\"contentUrl\":\"https:\\\/\\\/zrozumiecswiat.sosw.bochnia.pl\\\/wp-content\\\/uploads\\\/2021\\\/05\\\/44.jpg\",\"width\":1200,\"height\":900,\"caption\":\"Grupa m\u0142odzie\u017cy pozuje w szeregu do zdj\u0119cia na tle zabudowa\u0144 Ostrowa Tumskiego we Wroc\u0142awiu.\"},{\"@type\":\"BreadcrumbList\",\"@id\":\"https:\\\/\\\/zrozumiecswiat.sosw.bochnia.pl\\\/index.php\\\/2021\\\/05\\\/19\\\/wycieczka-do-wroclawia\\\/#breadcrumb\",\"itemListElement\":[{\"@type\":\"ListItem\",\"position\":1,\"name\":\"Strona g\u0142\u00f3wna\",\"item\":\"https:\\\/\\\/zrozumiecswiat.sosw.bochnia.pl\\\/\"},{\"@type\":\"ListItem\",\"position\":2,\"name\":\"WYCIECZKA DO WROC\u0141AWIA\"}]},{\"@type\":\"WebSite\",\"@id\":\"https:\\\/\\\/zrozumiecswiat.sosw.bochnia.pl\\\/#website\",\"url\":\"https:\\\/\\\/zrozumiecswiat.sosw.bochnia.pl\\\/\",\"name\":\"Pozw\u00f3l mi zrozumie\u0107 \u015bwiat\",\"description\":\"\",\"publisher\":{\"@id\":\"https:\\\/\\\/zrozumiecswiat.sosw.bochnia.pl\\\/#organization\"},\"potentialAction\":[{\"@type\":\"SearchAction\",\"target\":{\"@type\":\"EntryPoint\",\"urlTemplate\":\"https:\\\/\\\/zrozumiecswiat.sosw.bochnia.pl\\\/?s={search_term_string}\"},\"query-input\":{\"@type\":\"PropertyValueSpecification\",\"valueRequired\":true,\"valueName\":\"search_term_string\"}}],\"inLanguage\":\"pl-PL\"},{\"@type\":\"Organization\",\"@id\":\"https:\\\/\\\/zrozumiecswiat.sosw.bochnia.pl\\\/#organization\",\"name\":\"Pozw\u00f3l mi zrozumie\u0107 \u015bwiat\",\"url\":\"https:\\\/\\\/zrozumiecswiat.sosw.bochnia.pl\\\/\",\"logo\":{\"@type\":\"ImageObject\",\"inLanguage\":\"pl-PL\",\"@id\":\"https:\\\/\\\/zrozumiecswiat.sosw.bochnia.pl\\\/#\\\/schema\\\/logo\\\/image\\\/\",\"url\":\"https:\\\/\\\/zrozumiecswiat.sosw.bochnia.pl\\\/wp-content\\\/uploads\\\/2022\\\/09\\\/sosw_right.png\",\"contentUrl\":\"https:\\\/\\\/zrozumiecswiat.sosw.bochnia.pl\\\/wp-content\\\/uploads\\\/2022\\\/09\\\/sosw_right.png\",\"width\":350,\"height\":86,\"caption\":\"Pozw\u00f3l mi zrozumie\u0107 \u015bwiat\"},\"image\":{\"@id\":\"https:\\\/\\\/zrozumiecswiat.sosw.bochnia.pl\\\/#\\\/schema\\\/logo\\\/image\\\/\"}},{\"@type\":\"Person\",\"@id\":\"https:\\\/\\\/zrozumiecswiat.sosw.bochnia.pl\\\/#\\\/schema\\\/person\\\/5bcd8d68a0ae16d12cb78d98c6d40c56\",\"name\":\"zrozumiec\",\"image\":{\"@type\":\"ImageObject\",\"inLanguage\":\"pl-PL\",\"@id\":\"https:\\\/\\\/secure.gravatar.com\\\/avatar\\\/36db499b07049ca11d60b3347b3137a92495569350d7773933f6ee3f92f8b67a?s=96&d=blank&r=g\",\"url\":\"https:\\\/\\\/secure.gravatar.com\\\/avatar\\\/36db499b07049ca11d60b3347b3137a92495569350d7773933f6ee3f92f8b67a?s=96&d=blank&r=g\",\"contentUrl\":\"https:\\\/\\\/secure.gravatar.com\\\/avatar\\\/36db499b07049ca11d60b3347b3137a92495569350d7773933f6ee3f92f8b67a?s=96&d=blank&r=g\",\"caption\":\"zrozumiec\"},\"sameAs\":[\"http:\\\/\\\/zrozumiecswiat.sosw.bochnia.pl\"],\"url\":\"https:\\\/\\\/zrozumiecswiat.sosw.bochnia.pl\\\/index.php\\\/author\\\/zrozumiec\\\/\"}]}<\/script>\n<!-- \/ Yoast SEO plugin. -->","yoast_head_json":{"title":"WYCIECZKA DO WROC\u0141AWIA - Pozw\u00f3l mi zrozumie\u0107 \u015bwiat","robots":{"index":"index","follow":"follow","max-snippet":"max-snippet:-1","max-image-preview":"max-image-preview:large","max-video-preview":"max-video-preview:-1"},"canonical":"https:\/\/zrozumiecswiat.sosw.bochnia.pl\/index.php\/2021\/05\/19\/wycieczka-do-wroclawia\/","og_locale":"pl_PL","og_type":"article","og_title":"WYCIECZKA DO WROC\u0141AWIA - Pozw\u00f3l mi zrozumie\u0107 \u015bwiat","og_description":"\u201eWszystko zaczyna si\u0119 od wody\u201d - to nie tylko motyw przewodni naszej wycieczki, ale tak\u017ce jej pocz\u0105tek. Rz\u0119sisty, ciep\u0142y, wiosenny deszcz, kt\u00f3ry towarzyszy\u0142 nam wczesnym porankiem w dniu wyjazdu wspaniale wprowadzi\u0142 uczni\u00f3w w og\u00f3\u0142 zagadnie\u0144 zwi\u0105zanych z tematyk\u0105 wycieczki. Czytaj wi\u0119cej WYCIECZKA DO WROC\u0141AWIA","og_url":"https:\/\/zrozumiecswiat.sosw.bochnia.pl\/index.php\/2021\/05\/19\/wycieczka-do-wroclawia\/","og_site_name":"Pozw\u00f3l mi zrozumie\u0107 \u015bwiat","article_published_time":"2021-05-19T09:52:00+00:00","article_modified_time":"2022-09-19T18:36:20+00:00","og_image":[{"width":1200,"height":900,"url":"https:\/\/zrozumiecswiat.sosw.bochnia.pl\/wp-content\/uploads\/2021\/05\/44.jpg","type":"image\/jpeg"}],"author":"zrozumiec","twitter_card":"summary_large_image","twitter_misc":{"Napisane przez":"zrozumiec","Szacowany czas czytania":"5 minut"},"schema":{"@context":"https:\/\/schema.org","@graph":[{"@type":"Article","@id":"https:\/\/zrozumiecswiat.sosw.bochnia.pl\/index.php\/2021\/05\/19\/wycieczka-do-wroclawia\/#article","isPartOf":{"@id":"https:\/\/zrozumiecswiat.sosw.bochnia.pl\/index.php\/2021\/05\/19\/wycieczka-do-wroclawia\/"},"author":{"name":"zrozumiec","@id":"https:\/\/zrozumiecswiat.sosw.bochnia.pl\/#\/schema\/person\/5bcd8d68a0ae16d12cb78d98c6d40c56"},"headline":"WYCIECZKA DO WROC\u0141AWIA","datePublished":"2021-05-19T09:52:00+00:00","dateModified":"2022-09-19T18:36:20+00:00","mainEntityOfPage":{"@id":"https:\/\/zrozumiecswiat.sosw.bochnia.pl\/index.php\/2021\/05\/19\/wycieczka-do-wroclawia\/"},"wordCount":1040,"publisher":{"@id":"https:\/\/zrozumiecswiat.sosw.bochnia.pl\/#organization"},"image":{"@id":"https:\/\/zrozumiecswiat.sosw.bochnia.pl\/index.php\/2021\/05\/19\/wycieczka-do-wroclawia\/#primaryimage"},"thumbnailUrl":"https:\/\/zrozumiecswiat.sosw.bochnia.pl\/wp-content\/uploads\/2021\/05\/44.jpg","articleSection":["Aktualno\u015bci"],"inLanguage":"pl-PL"},{"@type":"WebPage","@id":"https:\/\/zrozumiecswiat.sosw.bochnia.pl\/index.php\/2021\/05\/19\/wycieczka-do-wroclawia\/","url":"https:\/\/zrozumiecswiat.sosw.bochnia.pl\/index.php\/2021\/05\/19\/wycieczka-do-wroclawia\/","name":"WYCIECZKA DO WROC\u0141AWIA - Pozw\u00f3l mi zrozumie\u0107 \u015bwiat","isPartOf":{"@id":"https:\/\/zrozumiecswiat.sosw.bochnia.pl\/#website"},"primaryImageOfPage":{"@id":"https:\/\/zrozumiecswiat.sosw.bochnia.pl\/index.php\/2021\/05\/19\/wycieczka-do-wroclawia\/#primaryimage"},"image":{"@id":"https:\/\/zrozumiecswiat.sosw.bochnia.pl\/index.php\/2021\/05\/19\/wycieczka-do-wroclawia\/#primaryimage"},"thumbnailUrl":"https:\/\/zrozumiecswiat.sosw.bochnia.pl\/wp-content\/uploads\/2021\/05\/44.jpg","datePublished":"2021-05-19T09:52:00+00:00","dateModified":"2022-09-19T18:36:20+00:00","breadcrumb":{"@id":"https:\/\/zrozumiecswiat.sosw.bochnia.pl\/index.php\/2021\/05\/19\/wycieczka-do-wroclawia\/#breadcrumb"},"inLanguage":"pl-PL","potentialAction":[{"@type":"ReadAction","target":["https:\/\/zrozumiecswiat.sosw.bochnia.pl\/index.php\/2021\/05\/19\/wycieczka-do-wroclawia\/"]}]},{"@type":"ImageObject","inLanguage":"pl-PL","@id":"https:\/\/zrozumiecswiat.sosw.bochnia.pl\/index.php\/2021\/05\/19\/wycieczka-do-wroclawia\/#primaryimage","url":"https:\/\/zrozumiecswiat.sosw.bochnia.pl\/wp-content\/uploads\/2021\/05\/44.jpg","contentUrl":"https:\/\/zrozumiecswiat.sosw.bochnia.pl\/wp-content\/uploads\/2021\/05\/44.jpg","width":1200,"height":900,"caption":"Grupa m\u0142odzie\u017cy pozuje w szeregu do zdj\u0119cia na tle zabudowa\u0144 Ostrowa Tumskiego we Wroc\u0142awiu."},{"@type":"BreadcrumbList","@id":"https:\/\/zrozumiecswiat.sosw.bochnia.pl\/index.php\/2021\/05\/19\/wycieczka-do-wroclawia\/#breadcrumb","itemListElement":[{"@type":"ListItem","position":1,"name":"Strona g\u0142\u00f3wna","item":"https:\/\/zrozumiecswiat.sosw.bochnia.pl\/"},{"@type":"ListItem","position":2,"name":"WYCIECZKA DO WROC\u0141AWIA"}]},{"@type":"WebSite","@id":"https:\/\/zrozumiecswiat.sosw.bochnia.pl\/#website","url":"https:\/\/zrozumiecswiat.sosw.bochnia.pl\/","name":"Pozw\u00f3l mi zrozumie\u0107 \u015bwiat","description":"","publisher":{"@id":"https:\/\/zrozumiecswiat.sosw.bochnia.pl\/#organization"},"potentialAction":[{"@type":"SearchAction","target":{"@type":"EntryPoint","urlTemplate":"https:\/\/zrozumiecswiat.sosw.bochnia.pl\/?s={search_term_string}"},"query-input":{"@type":"PropertyValueSpecification","valueRequired":true,"valueName":"search_term_string"}}],"inLanguage":"pl-PL"},{"@type":"Organization","@id":"https:\/\/zrozumiecswiat.sosw.bochnia.pl\/#organization","name":"Pozw\u00f3l mi zrozumie\u0107 \u015bwiat","url":"https:\/\/zrozumiecswiat.sosw.bochnia.pl\/","logo":{"@type":"ImageObject","inLanguage":"pl-PL","@id":"https:\/\/zrozumiecswiat.sosw.bochnia.pl\/#\/schema\/logo\/image\/","url":"https:\/\/zrozumiecswiat.sosw.bochnia.pl\/wp-content\/uploads\/2022\/09\/sosw_right.png","contentUrl":"https:\/\/zrozumiecswiat.sosw.bochnia.pl\/wp-content\/uploads\/2022\/09\/sosw_right.png","width":350,"height":86,"caption":"Pozw\u00f3l mi zrozumie\u0107 \u015bwiat"},"image":{"@id":"https:\/\/zrozumiecswiat.sosw.bochnia.pl\/#\/schema\/logo\/image\/"}},{"@type":"Person","@id":"https:\/\/zrozumiecswiat.sosw.bochnia.pl\/#\/schema\/person\/5bcd8d68a0ae16d12cb78d98c6d40c56","name":"zrozumiec","image":{"@type":"ImageObject","inLanguage":"pl-PL","@id":"https:\/\/secure.gravatar.com\/avatar\/36db499b07049ca11d60b3347b3137a92495569350d7773933f6ee3f92f8b67a?s=96&d=blank&r=g","url":"https:\/\/secure.gravatar.com\/avatar\/36db499b07049ca11d60b3347b3137a92495569350d7773933f6ee3f92f8b67a?s=96&d=blank&r=g","contentUrl":"https:\/\/secure.gravatar.com\/avatar\/36db499b07049ca11d60b3347b3137a92495569350d7773933f6ee3f92f8b67a?s=96&d=blank&r=g","caption":"zrozumiec"},"sameAs":["http:\/\/zrozumiecswiat.sosw.bochnia.pl"],"url":"https:\/\/zrozumiecswiat.sosw.bochnia.pl\/index.php\/author\/zrozumiec\/"}]}},"_links":{"self":[{"href":"https:\/\/zrozumiecswiat.sosw.bochnia.pl\/index.php\/wp-json\/wp\/v2\/posts\/254","targetHints":{"allow":["GET"]}}],"collection":[{"href":"https:\/\/zrozumiecswiat.sosw.bochnia.pl\/index.php\/wp-json\/wp\/v2\/posts"}],"about":[{"href":"https:\/\/zrozumiecswiat.sosw.bochnia.pl\/index.php\/wp-json\/wp\/v2\/types\/post"}],"author":[{"embeddable":true,"href":"https:\/\/zrozumiecswiat.sosw.bochnia.pl\/index.php\/wp-json\/wp\/v2\/users\/1"}],"replies":[{"embeddable":true,"href":"https:\/\/zrozumiecswiat.sosw.bochnia.pl\/index.php\/wp-json\/wp\/v2\/comments?post=254"}],"version-history":[{"count":4,"href":"https:\/\/zrozumiecswiat.sosw.bochnia.pl\/index.php\/wp-json\/wp\/v2\/posts\/254\/revisions"}],"predecessor-version":[{"id":268,"href":"https:\/\/zrozumiecswiat.sosw.bochnia.pl\/index.php\/wp-json\/wp\/v2\/posts\/254\/revisions\/268"}],"wp:featuredmedia":[{"embeddable":true,"href":"https:\/\/zrozumiecswiat.sosw.bochnia.pl\/index.php\/wp-json\/wp\/v2\/media\/270"}],"wp:attachment":[{"href":"https:\/\/zrozumiecswiat.sosw.bochnia.pl\/index.php\/wp-json\/wp\/v2\/media?parent=254"}],"wp:term":[{"taxonomy":"category","embeddable":true,"href":"https:\/\/zrozumiecswiat.sosw.bochnia.pl\/index.php\/wp-json\/wp\/v2\/categories?post=254"},{"taxonomy":"post_tag","embeddable":true,"href":"https:\/\/zrozumiecswiat.sosw.bochnia.pl\/index.php\/wp-json\/wp\/v2\/tags?post=254"}],"curies":[{"name":"wp","href":"https:\/\/api.w.org\/{rel}","templated":true}]}}