{"id":303,"date":"2021-10-02T17:28:00","date_gmt":"2021-10-02T15:28:00","guid":{"rendered":"http:\/\/zrozumiecswiat.sosw.bochnia.pl\/?p=303"},"modified":"2022-09-20T19:41:26","modified_gmt":"2022-09-20T17:41:26","slug":"wycieczka-do-teatru","status":"publish","type":"post","link":"https:\/\/zrozumiecswiat.sosw.bochnia.pl\/index.php\/2021\/10\/02\/wycieczka-do-teatru\/","title":{"rendered":"WYCIECZKA DO TEATRU"},"content":{"rendered":"<div class=\"wp-block-post-date\"><time datetime=\"2021-10-02T17:28:00+02:00\">2021-10-02<\/time><\/div>\n\n\n<h2 class=\"wp-block-heading\">Zadanie 5: Teatroterapia<\/h2>\n\n\n<p>Jak wygl\u0105da \u201eprawdziwy\u201d teatr, scena, scenografia, kostiumy, afisz? O tym mogli\u015bmy si\u0119 przekona\u0107 podczas wizyty w Teatrze im. Solskiego w Tarnowie. Zauroczy\u0142 nas sam gmach teatru, a przedstawienie \u201eJa\u015b i Ma\u0142gosia\u201d przenios\u0142o nas w \u015bwiat fikcji i by\u0142o okazj\u0105 do prze\u017cywania wielu emocji wraz z g\u0142\u00f3wnymi bohaterami sztuki.<\/p>\n\n\n<div style=\"height:41px\" aria-hidden=\"true\" class=\"wp-block-spacer\"><\/div>\n\n\n\n<div class=\"wp-block-columns is-layout-flex wp-container-core-columns-is-layout-9d6595d7 wp-block-columns-is-layout-flex\">\n<div class=\"wp-block-column is-layout-flow wp-block-column-is-layout-flow\"><\/div>\n\n\n\n<div class=\"wp-block-column is-layout-flow wp-block-column-is-layout-flow\"><\/div>\n<\/div>\n\n\n\n<div style=\"height:10px\" aria-hidden=\"true\" class=\"wp-block-spacer\"><\/div>\n\n\n\n<div class=\"wp-block-buttons is-content-justification-right is-layout-flex wp-container-core-buttons-is-layout-765c4724 wp-block-buttons-is-layout-flex\">\n<div class=\"wp-block-button\"><a class=\"wp-block-button__link\" href=\"http:\/\/zrozumiecswiat.sosw.bochnia.pl\/index.php\/wydarzenia\/\">powr\u00f3t<\/a><\/div>\n<\/div>\n\n\n\n<p><\/p>\n","protected":false},"excerpt":{"rendered":"<p>Jak wygl\u0105da \u201eprawdziwy\u201d teatr, scena, scenografia, kostiumy, afisz? O tym mogli\u015bmy si\u0119 przekona\u0107 podczas wizyty w Teatrze im. Solskiego w Tarnowie. <a class=\"continue\" href=\"https:\/\/zrozumiecswiat.sosw.bochnia.pl\/index.php\/2021\/10\/02\/wycieczka-do-teatru\/\">Czytaj wi\u0119cej<span> WYCIECZKA DO TEATRU<\/span><\/a><\/p>\n","protected":false},"author":1,"featured_media":309,"comment_status":"closed","ping_status":"closed","sticky":false,"template":"","format":"standard","meta":{"footnotes":""},"categories":[1],"tags":[],"class_list":["post-303","post","type-post","status-publish","format-standard","has-post-thumbnail","hentry","category-aktualnosci"],"yoast_head":"<!-- This site is optimized with the Yoast SEO plugin v27.4 - https:\/\/yoast.com\/product\/yoast-seo-wordpress\/ -->\n<title>WYCIECZKA DO TEATRU - Pozw\u00f3l mi zrozumie\u0107 \u015bwiat<\/title>\n<meta name=\"robots\" content=\"index, follow, max-snippet:-1, max-image-preview:large, max-video-preview:-1\" \/>\n<link rel=\"canonical\" href=\"https:\/\/zrozumiecswiat.sosw.bochnia.pl\/index.php\/2021\/10\/02\/wycieczka-do-teatru\/\" \/>\n<meta property=\"og:locale\" content=\"pl_PL\" \/>\n<meta property=\"og:type\" content=\"article\" \/>\n<meta property=\"og:title\" content=\"WYCIECZKA DO TEATRU - Pozw\u00f3l mi zrozumie\u0107 \u015bwiat\" \/>\n<meta property=\"og:description\" content=\"Jak wygl\u0105da \u201eprawdziwy\u201d teatr, scena, scenografia, kostiumy, afisz? O tym mogli\u015bmy si\u0119 przekona\u0107 podczas wizyty w Teatrze im. Solskiego w Tarnowie. Czytaj wi\u0119cej WYCIECZKA DO TEATRU\" \/>\n<meta property=\"og:url\" content=\"https:\/\/zrozumiecswiat.sosw.bochnia.pl\/index.php\/2021\/10\/02\/wycieczka-do-teatru\/\" \/>\n<meta property=\"og:site_name\" content=\"Pozw\u00f3l mi zrozumie\u0107 \u015bwiat\" \/>\n<meta property=\"article:published_time\" content=\"2021-10-02T15:28:00+00:00\" \/>\n<meta property=\"article:modified_time\" content=\"2022-09-20T17:41:26+00:00\" \/>\n<meta property=\"og:image\" content=\"https:\/\/zrozumiecswiat.sosw.bochnia.pl\/wp-content\/uploads\/2022\/09\/IMG_20211002_153453.jpg\" \/>\n\t<meta property=\"og:image:width\" content=\"1500\" \/>\n\t<meta property=\"og:image:height\" content=\"1125\" \/>\n\t<meta property=\"og:image:type\" content=\"image\/jpeg\" \/>\n<meta name=\"author\" content=\"zrozumiec\" \/>\n<meta name=\"twitter:card\" content=\"summary_large_image\" \/>\n<meta name=\"twitter:label1\" content=\"Napisane przez\" \/>\n\t<meta name=\"twitter:data1\" content=\"zrozumiec\" \/>\n\t<meta name=\"twitter:label2\" content=\"Szacowany czas czytania\" \/>\n\t<meta name=\"twitter:data2\" content=\"1 minuta\" \/>\n<script type=\"application\/ld+json\" class=\"yoast-schema-graph\">{\"@context\":\"https:\\\/\\\/schema.org\",\"@graph\":[{\"@type\":\"Article\",\"@id\":\"https:\\\/\\\/zrozumiecswiat.sosw.bochnia.pl\\\/index.php\\\/2021\\\/10\\\/02\\\/wycieczka-do-teatru\\\/#article\",\"isPartOf\":{\"@id\":\"https:\\\/\\\/zrozumiecswiat.sosw.bochnia.pl\\\/index.php\\\/2021\\\/10\\\/02\\\/wycieczka-do-teatru\\\/\"},\"author\":{\"name\":\"zrozumiec\",\"@id\":\"https:\\\/\\\/zrozumiecswiat.sosw.bochnia.pl\\\/#\\\/schema\\\/person\\\/5bcd8d68a0ae16d12cb78d98c6d40c56\"},\"headline\":\"WYCIECZKA DO TEATRU\",\"datePublished\":\"2021-10-02T15:28:00+00:00\",\"dateModified\":\"2022-09-20T17:41:26+00:00\",\"mainEntityOfPage\":{\"@id\":\"https:\\\/\\\/zrozumiecswiat.sosw.bochnia.pl\\\/index.php\\\/2021\\\/10\\\/02\\\/wycieczka-do-teatru\\\/\"},\"wordCount\":62,\"publisher\":{\"@id\":\"https:\\\/\\\/zrozumiecswiat.sosw.bochnia.pl\\\/#organization\"},\"image\":{\"@id\":\"https:\\\/\\\/zrozumiecswiat.sosw.bochnia.pl\\\/index.php\\\/2021\\\/10\\\/02\\\/wycieczka-do-teatru\\\/#primaryimage\"},\"thumbnailUrl\":\"https:\\\/\\\/zrozumiecswiat.sosw.bochnia.pl\\\/wp-content\\\/uploads\\\/2022\\\/09\\\/IMG_20211002_153453.jpg\",\"articleSection\":[\"Aktualno\u015bci\"],\"inLanguage\":\"pl-PL\"},{\"@type\":\"WebPage\",\"@id\":\"https:\\\/\\\/zrozumiecswiat.sosw.bochnia.pl\\\/index.php\\\/2021\\\/10\\\/02\\\/wycieczka-do-teatru\\\/\",\"url\":\"https:\\\/\\\/zrozumiecswiat.sosw.bochnia.pl\\\/index.php\\\/2021\\\/10\\\/02\\\/wycieczka-do-teatru\\\/\",\"name\":\"WYCIECZKA DO TEATRU - Pozw\u00f3l mi zrozumie\u0107 \u015bwiat\",\"isPartOf\":{\"@id\":\"https:\\\/\\\/zrozumiecswiat.sosw.bochnia.pl\\\/#website\"},\"primaryImageOfPage\":{\"@id\":\"https:\\\/\\\/zrozumiecswiat.sosw.bochnia.pl\\\/index.php\\\/2021\\\/10\\\/02\\\/wycieczka-do-teatru\\\/#primaryimage\"},\"image\":{\"@id\":\"https:\\\/\\\/zrozumiecswiat.sosw.bochnia.pl\\\/index.php\\\/2021\\\/10\\\/02\\\/wycieczka-do-teatru\\\/#primaryimage\"},\"thumbnailUrl\":\"https:\\\/\\\/zrozumiecswiat.sosw.bochnia.pl\\\/wp-content\\\/uploads\\\/2022\\\/09\\\/IMG_20211002_153453.jpg\",\"datePublished\":\"2021-10-02T15:28:00+00:00\",\"dateModified\":\"2022-09-20T17:41:26+00:00\",\"breadcrumb\":{\"@id\":\"https:\\\/\\\/zrozumiecswiat.sosw.bochnia.pl\\\/index.php\\\/2021\\\/10\\\/02\\\/wycieczka-do-teatru\\\/#breadcrumb\"},\"inLanguage\":\"pl-PL\",\"potentialAction\":[{\"@type\":\"ReadAction\",\"target\":[\"https:\\\/\\\/zrozumiecswiat.sosw.bochnia.pl\\\/index.php\\\/2021\\\/10\\\/02\\\/wycieczka-do-teatru\\\/\"]}]},{\"@type\":\"ImageObject\",\"inLanguage\":\"pl-PL\",\"@id\":\"https:\\\/\\\/zrozumiecswiat.sosw.bochnia.pl\\\/index.php\\\/2021\\\/10\\\/02\\\/wycieczka-do-teatru\\\/#primaryimage\",\"url\":\"https:\\\/\\\/zrozumiecswiat.sosw.bochnia.pl\\\/wp-content\\\/uploads\\\/2022\\\/09\\\/IMG_20211002_153453.jpg\",\"contentUrl\":\"https:\\\/\\\/zrozumiecswiat.sosw.bochnia.pl\\\/wp-content\\\/uploads\\\/2022\\\/09\\\/IMG_20211002_153453.jpg\",\"width\":1500,\"height\":1125,\"caption\":\"Grupa m\u0142odzie\u017cy siedzi na schodach Teatru Ludowego im. Ludwika Solskiegow Tarnowie\"},{\"@type\":\"BreadcrumbList\",\"@id\":\"https:\\\/\\\/zrozumiecswiat.sosw.bochnia.pl\\\/index.php\\\/2021\\\/10\\\/02\\\/wycieczka-do-teatru\\\/#breadcrumb\",\"itemListElement\":[{\"@type\":\"ListItem\",\"position\":1,\"name\":\"Strona g\u0142\u00f3wna\",\"item\":\"https:\\\/\\\/zrozumiecswiat.sosw.bochnia.pl\\\/\"},{\"@type\":\"ListItem\",\"position\":2,\"name\":\"WYCIECZKA DO TEATRU\"}]},{\"@type\":\"WebSite\",\"@id\":\"https:\\\/\\\/zrozumiecswiat.sosw.bochnia.pl\\\/#website\",\"url\":\"https:\\\/\\\/zrozumiecswiat.sosw.bochnia.pl\\\/\",\"name\":\"Pozw\u00f3l mi zrozumie\u0107 \u015bwiat\",\"description\":\"\",\"publisher\":{\"@id\":\"https:\\\/\\\/zrozumiecswiat.sosw.bochnia.pl\\\/#organization\"},\"potentialAction\":[{\"@type\":\"SearchAction\",\"target\":{\"@type\":\"EntryPoint\",\"urlTemplate\":\"https:\\\/\\\/zrozumiecswiat.sosw.bochnia.pl\\\/?s={search_term_string}\"},\"query-input\":{\"@type\":\"PropertyValueSpecification\",\"valueRequired\":true,\"valueName\":\"search_term_string\"}}],\"inLanguage\":\"pl-PL\"},{\"@type\":\"Organization\",\"@id\":\"https:\\\/\\\/zrozumiecswiat.sosw.bochnia.pl\\\/#organization\",\"name\":\"Pozw\u00f3l mi zrozumie\u0107 \u015bwiat\",\"url\":\"https:\\\/\\\/zrozumiecswiat.sosw.bochnia.pl\\\/\",\"logo\":{\"@type\":\"ImageObject\",\"inLanguage\":\"pl-PL\",\"@id\":\"https:\\\/\\\/zrozumiecswiat.sosw.bochnia.pl\\\/#\\\/schema\\\/logo\\\/image\\\/\",\"url\":\"https:\\\/\\\/zrozumiecswiat.sosw.bochnia.pl\\\/wp-content\\\/uploads\\\/2022\\\/09\\\/sosw_right.png\",\"contentUrl\":\"https:\\\/\\\/zrozumiecswiat.sosw.bochnia.pl\\\/wp-content\\\/uploads\\\/2022\\\/09\\\/sosw_right.png\",\"width\":350,\"height\":86,\"caption\":\"Pozw\u00f3l mi zrozumie\u0107 \u015bwiat\"},\"image\":{\"@id\":\"https:\\\/\\\/zrozumiecswiat.sosw.bochnia.pl\\\/#\\\/schema\\\/logo\\\/image\\\/\"}},{\"@type\":\"Person\",\"@id\":\"https:\\\/\\\/zrozumiecswiat.sosw.bochnia.pl\\\/#\\\/schema\\\/person\\\/5bcd8d68a0ae16d12cb78d98c6d40c56\",\"name\":\"zrozumiec\",\"image\":{\"@type\":\"ImageObject\",\"inLanguage\":\"pl-PL\",\"@id\":\"https:\\\/\\\/secure.gravatar.com\\\/avatar\\\/36db499b07049ca11d60b3347b3137a92495569350d7773933f6ee3f92f8b67a?s=96&d=blank&r=g\",\"url\":\"https:\\\/\\\/secure.gravatar.com\\\/avatar\\\/36db499b07049ca11d60b3347b3137a92495569350d7773933f6ee3f92f8b67a?s=96&d=blank&r=g\",\"contentUrl\":\"https:\\\/\\\/secure.gravatar.com\\\/avatar\\\/36db499b07049ca11d60b3347b3137a92495569350d7773933f6ee3f92f8b67a?s=96&d=blank&r=g\",\"caption\":\"zrozumiec\"},\"sameAs\":[\"http:\\\/\\\/zrozumiecswiat.sosw.bochnia.pl\"],\"url\":\"https:\\\/\\\/zrozumiecswiat.sosw.bochnia.pl\\\/index.php\\\/author\\\/zrozumiec\\\/\"}]}<\/script>\n<!-- \/ Yoast SEO plugin. -->","yoast_head_json":{"title":"WYCIECZKA DO TEATRU - Pozw\u00f3l mi zrozumie\u0107 \u015bwiat","robots":{"index":"index","follow":"follow","max-snippet":"max-snippet:-1","max-image-preview":"max-image-preview:large","max-video-preview":"max-video-preview:-1"},"canonical":"https:\/\/zrozumiecswiat.sosw.bochnia.pl\/index.php\/2021\/10\/02\/wycieczka-do-teatru\/","og_locale":"pl_PL","og_type":"article","og_title":"WYCIECZKA DO TEATRU - Pozw\u00f3l mi zrozumie\u0107 \u015bwiat","og_description":"Jak wygl\u0105da \u201eprawdziwy\u201d teatr, scena, scenografia, kostiumy, afisz? O tym mogli\u015bmy si\u0119 przekona\u0107 podczas wizyty w Teatrze im. Solskiego w Tarnowie. Czytaj wi\u0119cej WYCIECZKA DO TEATRU","og_url":"https:\/\/zrozumiecswiat.sosw.bochnia.pl\/index.php\/2021\/10\/02\/wycieczka-do-teatru\/","og_site_name":"Pozw\u00f3l mi zrozumie\u0107 \u015bwiat","article_published_time":"2021-10-02T15:28:00+00:00","article_modified_time":"2022-09-20T17:41:26+00:00","og_image":[{"width":1500,"height":1125,"url":"https:\/\/zrozumiecswiat.sosw.bochnia.pl\/wp-content\/uploads\/2022\/09\/IMG_20211002_153453.jpg","type":"image\/jpeg"}],"author":"zrozumiec","twitter_card":"summary_large_image","twitter_misc":{"Napisane przez":"zrozumiec","Szacowany czas czytania":"1 minuta"},"schema":{"@context":"https:\/\/schema.org","@graph":[{"@type":"Article","@id":"https:\/\/zrozumiecswiat.sosw.bochnia.pl\/index.php\/2021\/10\/02\/wycieczka-do-teatru\/#article","isPartOf":{"@id":"https:\/\/zrozumiecswiat.sosw.bochnia.pl\/index.php\/2021\/10\/02\/wycieczka-do-teatru\/"},"author":{"name":"zrozumiec","@id":"https:\/\/zrozumiecswiat.sosw.bochnia.pl\/#\/schema\/person\/5bcd8d68a0ae16d12cb78d98c6d40c56"},"headline":"WYCIECZKA DO TEATRU","datePublished":"2021-10-02T15:28:00+00:00","dateModified":"2022-09-20T17:41:26+00:00","mainEntityOfPage":{"@id":"https:\/\/zrozumiecswiat.sosw.bochnia.pl\/index.php\/2021\/10\/02\/wycieczka-do-teatru\/"},"wordCount":62,"publisher":{"@id":"https:\/\/zrozumiecswiat.sosw.bochnia.pl\/#organization"},"image":{"@id":"https:\/\/zrozumiecswiat.sosw.bochnia.pl\/index.php\/2021\/10\/02\/wycieczka-do-teatru\/#primaryimage"},"thumbnailUrl":"https:\/\/zrozumiecswiat.sosw.bochnia.pl\/wp-content\/uploads\/2022\/09\/IMG_20211002_153453.jpg","articleSection":["Aktualno\u015bci"],"inLanguage":"pl-PL"},{"@type":"WebPage","@id":"https:\/\/zrozumiecswiat.sosw.bochnia.pl\/index.php\/2021\/10\/02\/wycieczka-do-teatru\/","url":"https:\/\/zrozumiecswiat.sosw.bochnia.pl\/index.php\/2021\/10\/02\/wycieczka-do-teatru\/","name":"WYCIECZKA DO TEATRU - Pozw\u00f3l mi zrozumie\u0107 \u015bwiat","isPartOf":{"@id":"https:\/\/zrozumiecswiat.sosw.bochnia.pl\/#website"},"primaryImageOfPage":{"@id":"https:\/\/zrozumiecswiat.sosw.bochnia.pl\/index.php\/2021\/10\/02\/wycieczka-do-teatru\/#primaryimage"},"image":{"@id":"https:\/\/zrozumiecswiat.sosw.bochnia.pl\/index.php\/2021\/10\/02\/wycieczka-do-teatru\/#primaryimage"},"thumbnailUrl":"https:\/\/zrozumiecswiat.sosw.bochnia.pl\/wp-content\/uploads\/2022\/09\/IMG_20211002_153453.jpg","datePublished":"2021-10-02T15:28:00+00:00","dateModified":"2022-09-20T17:41:26+00:00","breadcrumb":{"@id":"https:\/\/zrozumiecswiat.sosw.bochnia.pl\/index.php\/2021\/10\/02\/wycieczka-do-teatru\/#breadcrumb"},"inLanguage":"pl-PL","potentialAction":[{"@type":"ReadAction","target":["https:\/\/zrozumiecswiat.sosw.bochnia.pl\/index.php\/2021\/10\/02\/wycieczka-do-teatru\/"]}]},{"@type":"ImageObject","inLanguage":"pl-PL","@id":"https:\/\/zrozumiecswiat.sosw.bochnia.pl\/index.php\/2021\/10\/02\/wycieczka-do-teatru\/#primaryimage","url":"https:\/\/zrozumiecswiat.sosw.bochnia.pl\/wp-content\/uploads\/2022\/09\/IMG_20211002_153453.jpg","contentUrl":"https:\/\/zrozumiecswiat.sosw.bochnia.pl\/wp-content\/uploads\/2022\/09\/IMG_20211002_153453.jpg","width":1500,"height":1125,"caption":"Grupa m\u0142odzie\u017cy siedzi na schodach Teatru Ludowego im. Ludwika Solskiegow Tarnowie"},{"@type":"BreadcrumbList","@id":"https:\/\/zrozumiecswiat.sosw.bochnia.pl\/index.php\/2021\/10\/02\/wycieczka-do-teatru\/#breadcrumb","itemListElement":[{"@type":"ListItem","position":1,"name":"Strona g\u0142\u00f3wna","item":"https:\/\/zrozumiecswiat.sosw.bochnia.pl\/"},{"@type":"ListItem","position":2,"name":"WYCIECZKA DO TEATRU"}]},{"@type":"WebSite","@id":"https:\/\/zrozumiecswiat.sosw.bochnia.pl\/#website","url":"https:\/\/zrozumiecswiat.sosw.bochnia.pl\/","name":"Pozw\u00f3l mi zrozumie\u0107 \u015bwiat","description":"","publisher":{"@id":"https:\/\/zrozumiecswiat.sosw.bochnia.pl\/#organization"},"potentialAction":[{"@type":"SearchAction","target":{"@type":"EntryPoint","urlTemplate":"https:\/\/zrozumiecswiat.sosw.bochnia.pl\/?s={search_term_string}"},"query-input":{"@type":"PropertyValueSpecification","valueRequired":true,"valueName":"search_term_string"}}],"inLanguage":"pl-PL"},{"@type":"Organization","@id":"https:\/\/zrozumiecswiat.sosw.bochnia.pl\/#organization","name":"Pozw\u00f3l mi zrozumie\u0107 \u015bwiat","url":"https:\/\/zrozumiecswiat.sosw.bochnia.pl\/","logo":{"@type":"ImageObject","inLanguage":"pl-PL","@id":"https:\/\/zrozumiecswiat.sosw.bochnia.pl\/#\/schema\/logo\/image\/","url":"https:\/\/zrozumiecswiat.sosw.bochnia.pl\/wp-content\/uploads\/2022\/09\/sosw_right.png","contentUrl":"https:\/\/zrozumiecswiat.sosw.bochnia.pl\/wp-content\/uploads\/2022\/09\/sosw_right.png","width":350,"height":86,"caption":"Pozw\u00f3l mi zrozumie\u0107 \u015bwiat"},"image":{"@id":"https:\/\/zrozumiecswiat.sosw.bochnia.pl\/#\/schema\/logo\/image\/"}},{"@type":"Person","@id":"https:\/\/zrozumiecswiat.sosw.bochnia.pl\/#\/schema\/person\/5bcd8d68a0ae16d12cb78d98c6d40c56","name":"zrozumiec","image":{"@type":"ImageObject","inLanguage":"pl-PL","@id":"https:\/\/secure.gravatar.com\/avatar\/36db499b07049ca11d60b3347b3137a92495569350d7773933f6ee3f92f8b67a?s=96&d=blank&r=g","url":"https:\/\/secure.gravatar.com\/avatar\/36db499b07049ca11d60b3347b3137a92495569350d7773933f6ee3f92f8b67a?s=96&d=blank&r=g","contentUrl":"https:\/\/secure.gravatar.com\/avatar\/36db499b07049ca11d60b3347b3137a92495569350d7773933f6ee3f92f8b67a?s=96&d=blank&r=g","caption":"zrozumiec"},"sameAs":["http:\/\/zrozumiecswiat.sosw.bochnia.pl"],"url":"https:\/\/zrozumiecswiat.sosw.bochnia.pl\/index.php\/author\/zrozumiec\/"}]}},"_links":{"self":[{"href":"https:\/\/zrozumiecswiat.sosw.bochnia.pl\/index.php\/wp-json\/wp\/v2\/posts\/303","targetHints":{"allow":["GET"]}}],"collection":[{"href":"https:\/\/zrozumiecswiat.sosw.bochnia.pl\/index.php\/wp-json\/wp\/v2\/posts"}],"about":[{"href":"https:\/\/zrozumiecswiat.sosw.bochnia.pl\/index.php\/wp-json\/wp\/v2\/types\/post"}],"author":[{"embeddable":true,"href":"https:\/\/zrozumiecswiat.sosw.bochnia.pl\/index.php\/wp-json\/wp\/v2\/users\/1"}],"replies":[{"embeddable":true,"href":"https:\/\/zrozumiecswiat.sosw.bochnia.pl\/index.php\/wp-json\/wp\/v2\/comments?post=303"}],"version-history":[{"count":1,"href":"https:\/\/zrozumiecswiat.sosw.bochnia.pl\/index.php\/wp-json\/wp\/v2\/posts\/303\/revisions"}],"predecessor-version":[{"id":310,"href":"https:\/\/zrozumiecswiat.sosw.bochnia.pl\/index.php\/wp-json\/wp\/v2\/posts\/303\/revisions\/310"}],"wp:featuredmedia":[{"embeddable":true,"href":"https:\/\/zrozumiecswiat.sosw.bochnia.pl\/index.php\/wp-json\/wp\/v2\/media\/309"}],"wp:attachment":[{"href":"https:\/\/zrozumiecswiat.sosw.bochnia.pl\/index.php\/wp-json\/wp\/v2\/media?parent=303"}],"wp:term":[{"taxonomy":"category","embeddable":true,"href":"https:\/\/zrozumiecswiat.sosw.bochnia.pl\/index.php\/wp-json\/wp\/v2\/categories?post=303"},{"taxonomy":"post_tag","embeddable":true,"href":"https:\/\/zrozumiecswiat.sosw.bochnia.pl\/index.php\/wp-json\/wp\/v2\/tags?post=303"}],"curies":[{"name":"wp","href":"https:\/\/api.w.org\/{rel}","templated":true}]}}