{"id":311,"date":"2021-12-03T19:41:00","date_gmt":"2021-12-03T18:41:00","guid":{"rendered":"http:\/\/zrozumiecswiat.sosw.bochnia.pl\/?p=311"},"modified":"2022-09-20T20:05:11","modified_gmt":"2022-09-20T18:05:11","slug":"przedstawienie-czerwony-kapturek","status":"publish","type":"post","link":"https:\/\/zrozumiecswiat.sosw.bochnia.pl\/index.php\/2021\/12\/03\/przedstawienie-czerwony-kapturek\/","title":{"rendered":"PRZEDSTAWIENIE \u201cCzerwony kapturek\u201d"},"content":{"rendered":"<div class=\"wp-block-post-date\"><time datetime=\"2021-12-03T19:41:00+01:00\">2021-12-03<\/time><\/div>\n\n\n<h2 class=\"wp-block-heading\">Zadanie 5: Teatroterapia<\/h2>\n\n\n<p>Uczniowie uczestnicz\u0105cy w projekcje teatralnym z du\u017cym zaanga\u017cowaniem przygotowywali si\u0119 ju\u017c od pa\u017adziernika do wystawienia sztuki <strong>\u201eCzerwony Kapturek \u2013 wnuczka Miko\u0142aja\u201d<\/strong>.<\/p>\n<p>Stopniowo zapoznawali si\u0119 ze scenariuszem, \u0107wiczyli swoje role, doskonalili umiej\u0119tno\u015bci taneczne, wokalne i ruch sceniczny. Uczestniczyli w przygotowaniu scenografii i doborze w\u0142a\u015bciwych stroj\u00f3w. Wiele godzin pr\u00f3b przynios\u0142o oczekiwany rezultat. Wystawione przedstawienie podczas wizyty \u015bw. Miko\u0142aja w szkole spotka\u0142o si\u0119 z pozytywnym odbiorem i gromkimi brawami.<\/p>\n\n\n<div style=\"height:45px\" aria-hidden=\"true\" class=\"wp-block-spacer\"><\/div>\n\n\n\n<div class=\"wp-block-columns is-layout-flex wp-container-core-columns-is-layout-9d6595d7 wp-block-columns-is-layout-flex\">\n<div class=\"wp-block-column is-layout-flow wp-block-column-is-layout-flow\"><\/div>\n\n\n\n<div class=\"wp-block-column is-layout-flow wp-block-column-is-layout-flow\"><\/div>\n<\/div>\n\n\n\n<div style=\"height:10px\" aria-hidden=\"true\" class=\"wp-block-spacer\"><\/div>\n\n\n\n<div class=\"wp-block-buttons is-content-justification-right is-layout-flex wp-container-core-buttons-is-layout-765c4724 wp-block-buttons-is-layout-flex\">\n<div class=\"wp-block-button\"><a class=\"wp-block-button__link\" href=\"http:\/\/zrozumiecswiat.sosw.bochnia.pl\/index.php\/wydarzenia\/\">powr\u00f3t<\/a><\/div>\n<\/div>\n\n\n\n<p><\/p>\n","protected":false},"excerpt":{"rendered":"<p>Uczniowie uczestnicz\u0105cy w projekcje teatralnym z du\u017cym zaanga\u017cowaniem przygotowywali si\u0119 ju\u017c od pa\u017adziernika do wystawienia sztuki \u201eCzerwony Kapturek \u2013 wnuczka Miko\u0142aja\u201d. <a class=\"continue\" href=\"https:\/\/zrozumiecswiat.sosw.bochnia.pl\/index.php\/2021\/12\/03\/przedstawienie-czerwony-kapturek\/\">Czytaj wi\u0119cej<span> PRZEDSTAWIENIE \u201cCzerwony kapturek\u201d<\/span><\/a><\/p>\n","protected":false},"author":1,"featured_media":314,"comment_status":"closed","ping_status":"closed","sticky":false,"template":"","format":"standard","meta":{"footnotes":""},"categories":[1],"tags":[],"class_list":["post-311","post","type-post","status-publish","format-standard","has-post-thumbnail","hentry","category-aktualnosci"],"yoast_head":"<!-- This site is optimized with the Yoast SEO plugin v27.4 - https:\/\/yoast.com\/product\/yoast-seo-wordpress\/ -->\n<title>PRZEDSTAWIENIE \u201cCzerwony kapturek\u201d - Pozw\u00f3l mi zrozumie\u0107 \u015bwiat<\/title>\n<meta name=\"robots\" content=\"index, follow, max-snippet:-1, max-image-preview:large, max-video-preview:-1\" \/>\n<link rel=\"canonical\" href=\"https:\/\/zrozumiecswiat.sosw.bochnia.pl\/index.php\/2021\/12\/03\/przedstawienie-czerwony-kapturek\/\" \/>\n<meta property=\"og:locale\" content=\"pl_PL\" \/>\n<meta property=\"og:type\" content=\"article\" \/>\n<meta property=\"og:title\" content=\"PRZEDSTAWIENIE \u201cCzerwony kapturek\u201d - Pozw\u00f3l mi zrozumie\u0107 \u015bwiat\" \/>\n<meta property=\"og:description\" content=\"Uczniowie uczestnicz\u0105cy w projekcje teatralnym z du\u017cym zaanga\u017cowaniem przygotowywali si\u0119 ju\u017c od pa\u017adziernika do wystawienia sztuki \u201eCzerwony Kapturek \u2013 wnuczka Miko\u0142aja\u201d. Czytaj wi\u0119cej PRZEDSTAWIENIE \u201cCzerwony kapturek\u201d\" \/>\n<meta property=\"og:url\" content=\"https:\/\/zrozumiecswiat.sosw.bochnia.pl\/index.php\/2021\/12\/03\/przedstawienie-czerwony-kapturek\/\" \/>\n<meta property=\"og:site_name\" content=\"Pozw\u00f3l mi zrozumie\u0107 \u015bwiat\" \/>\n<meta property=\"article:published_time\" content=\"2021-12-03T18:41:00+00:00\" \/>\n<meta property=\"article:modified_time\" content=\"2022-09-20T18:05:11+00:00\" \/>\n<meta property=\"og:image\" content=\"https:\/\/zrozumiecswiat.sosw.bochnia.pl\/wp-content\/uploads\/2022\/09\/little-red-riding-hood-tale-wolf-4766015.jpg\" \/>\n\t<meta property=\"og:image:width\" content=\"1280\" \/>\n\t<meta property=\"og:image:height\" content=\"853\" \/>\n\t<meta property=\"og:image:type\" content=\"image\/jpeg\" \/>\n<meta name=\"author\" content=\"zrozumiec\" \/>\n<meta name=\"twitter:card\" content=\"summary_large_image\" \/>\n<meta name=\"twitter:label1\" content=\"Napisane przez\" \/>\n\t<meta name=\"twitter:data1\" content=\"zrozumiec\" \/>\n\t<meta name=\"twitter:label2\" content=\"Szacowany czas czytania\" \/>\n\t<meta name=\"twitter:data2\" content=\"1 minuta\" \/>\n<script type=\"application\/ld+json\" class=\"yoast-schema-graph\">{\"@context\":\"https:\\\/\\\/schema.org\",\"@graph\":[{\"@type\":\"Article\",\"@id\":\"https:\\\/\\\/zrozumiecswiat.sosw.bochnia.pl\\\/index.php\\\/2021\\\/12\\\/03\\\/przedstawienie-czerwony-kapturek\\\/#article\",\"isPartOf\":{\"@id\":\"https:\\\/\\\/zrozumiecswiat.sosw.bochnia.pl\\\/index.php\\\/2021\\\/12\\\/03\\\/przedstawienie-czerwony-kapturek\\\/\"},\"author\":{\"name\":\"zrozumiec\",\"@id\":\"https:\\\/\\\/zrozumiecswiat.sosw.bochnia.pl\\\/#\\\/schema\\\/person\\\/5bcd8d68a0ae16d12cb78d98c6d40c56\"},\"headline\":\"PRZEDSTAWIENIE \u201cCzerwony kapturek\u201d\",\"datePublished\":\"2021-12-03T18:41:00+00:00\",\"dateModified\":\"2022-09-20T18:05:11+00:00\",\"mainEntityOfPage\":{\"@id\":\"https:\\\/\\\/zrozumiecswiat.sosw.bochnia.pl\\\/index.php\\\/2021\\\/12\\\/03\\\/przedstawienie-czerwony-kapturek\\\/\"},\"wordCount\":86,\"publisher\":{\"@id\":\"https:\\\/\\\/zrozumiecswiat.sosw.bochnia.pl\\\/#organization\"},\"image\":{\"@id\":\"https:\\\/\\\/zrozumiecswiat.sosw.bochnia.pl\\\/index.php\\\/2021\\\/12\\\/03\\\/przedstawienie-czerwony-kapturek\\\/#primaryimage\"},\"thumbnailUrl\":\"https:\\\/\\\/zrozumiecswiat.sosw.bochnia.pl\\\/wp-content\\\/uploads\\\/2022\\\/09\\\/little-red-riding-hood-tale-wolf-4766015.jpg\",\"articleSection\":[\"Aktualno\u015bci\"],\"inLanguage\":\"pl-PL\"},{\"@type\":\"WebPage\",\"@id\":\"https:\\\/\\\/zrozumiecswiat.sosw.bochnia.pl\\\/index.php\\\/2021\\\/12\\\/03\\\/przedstawienie-czerwony-kapturek\\\/\",\"url\":\"https:\\\/\\\/zrozumiecswiat.sosw.bochnia.pl\\\/index.php\\\/2021\\\/12\\\/03\\\/przedstawienie-czerwony-kapturek\\\/\",\"name\":\"PRZEDSTAWIENIE \u201cCzerwony kapturek\u201d - Pozw\u00f3l mi zrozumie\u0107 \u015bwiat\",\"isPartOf\":{\"@id\":\"https:\\\/\\\/zrozumiecswiat.sosw.bochnia.pl\\\/#website\"},\"primaryImageOfPage\":{\"@id\":\"https:\\\/\\\/zrozumiecswiat.sosw.bochnia.pl\\\/index.php\\\/2021\\\/12\\\/03\\\/przedstawienie-czerwony-kapturek\\\/#primaryimage\"},\"image\":{\"@id\":\"https:\\\/\\\/zrozumiecswiat.sosw.bochnia.pl\\\/index.php\\\/2021\\\/12\\\/03\\\/przedstawienie-czerwony-kapturek\\\/#primaryimage\"},\"thumbnailUrl\":\"https:\\\/\\\/zrozumiecswiat.sosw.bochnia.pl\\\/wp-content\\\/uploads\\\/2022\\\/09\\\/little-red-riding-hood-tale-wolf-4766015.jpg\",\"datePublished\":\"2021-12-03T18:41:00+00:00\",\"dateModified\":\"2022-09-20T18:05:11+00:00\",\"breadcrumb\":{\"@id\":\"https:\\\/\\\/zrozumiecswiat.sosw.bochnia.pl\\\/index.php\\\/2021\\\/12\\\/03\\\/przedstawienie-czerwony-kapturek\\\/#breadcrumb\"},\"inLanguage\":\"pl-PL\",\"potentialAction\":[{\"@type\":\"ReadAction\",\"target\":[\"https:\\\/\\\/zrozumiecswiat.sosw.bochnia.pl\\\/index.php\\\/2021\\\/12\\\/03\\\/przedstawienie-czerwony-kapturek\\\/\"]}]},{\"@type\":\"ImageObject\",\"inLanguage\":\"pl-PL\",\"@id\":\"https:\\\/\\\/zrozumiecswiat.sosw.bochnia.pl\\\/index.php\\\/2021\\\/12\\\/03\\\/przedstawienie-czerwony-kapturek\\\/#primaryimage\",\"url\":\"https:\\\/\\\/zrozumiecswiat.sosw.bochnia.pl\\\/wp-content\\\/uploads\\\/2022\\\/09\\\/little-red-riding-hood-tale-wolf-4766015.jpg\",\"contentUrl\":\"https:\\\/\\\/zrozumiecswiat.sosw.bochnia.pl\\\/wp-content\\\/uploads\\\/2022\\\/09\\\/little-red-riding-hood-tale-wolf-4766015.jpg\",\"width\":1280,\"height\":853,\"caption\":\"ma\u0142a dziewczynka w czerwonym kapturze, w tle stoi wilk.\"},{\"@type\":\"BreadcrumbList\",\"@id\":\"https:\\\/\\\/zrozumiecswiat.sosw.bochnia.pl\\\/index.php\\\/2021\\\/12\\\/03\\\/przedstawienie-czerwony-kapturek\\\/#breadcrumb\",\"itemListElement\":[{\"@type\":\"ListItem\",\"position\":1,\"name\":\"Strona g\u0142\u00f3wna\",\"item\":\"https:\\\/\\\/zrozumiecswiat.sosw.bochnia.pl\\\/\"},{\"@type\":\"ListItem\",\"position\":2,\"name\":\"PRZEDSTAWIENIE \u201cCzerwony kapturek\u201d\"}]},{\"@type\":\"WebSite\",\"@id\":\"https:\\\/\\\/zrozumiecswiat.sosw.bochnia.pl\\\/#website\",\"url\":\"https:\\\/\\\/zrozumiecswiat.sosw.bochnia.pl\\\/\",\"name\":\"Pozw\u00f3l mi zrozumie\u0107 \u015bwiat\",\"description\":\"\",\"publisher\":{\"@id\":\"https:\\\/\\\/zrozumiecswiat.sosw.bochnia.pl\\\/#organization\"},\"potentialAction\":[{\"@type\":\"SearchAction\",\"target\":{\"@type\":\"EntryPoint\",\"urlTemplate\":\"https:\\\/\\\/zrozumiecswiat.sosw.bochnia.pl\\\/?s={search_term_string}\"},\"query-input\":{\"@type\":\"PropertyValueSpecification\",\"valueRequired\":true,\"valueName\":\"search_term_string\"}}],\"inLanguage\":\"pl-PL\"},{\"@type\":\"Organization\",\"@id\":\"https:\\\/\\\/zrozumiecswiat.sosw.bochnia.pl\\\/#organization\",\"name\":\"Pozw\u00f3l mi zrozumie\u0107 \u015bwiat\",\"url\":\"https:\\\/\\\/zrozumiecswiat.sosw.bochnia.pl\\\/\",\"logo\":{\"@type\":\"ImageObject\",\"inLanguage\":\"pl-PL\",\"@id\":\"https:\\\/\\\/zrozumiecswiat.sosw.bochnia.pl\\\/#\\\/schema\\\/logo\\\/image\\\/\",\"url\":\"https:\\\/\\\/zrozumiecswiat.sosw.bochnia.pl\\\/wp-content\\\/uploads\\\/2022\\\/09\\\/sosw_right.png\",\"contentUrl\":\"https:\\\/\\\/zrozumiecswiat.sosw.bochnia.pl\\\/wp-content\\\/uploads\\\/2022\\\/09\\\/sosw_right.png\",\"width\":350,\"height\":86,\"caption\":\"Pozw\u00f3l mi zrozumie\u0107 \u015bwiat\"},\"image\":{\"@id\":\"https:\\\/\\\/zrozumiecswiat.sosw.bochnia.pl\\\/#\\\/schema\\\/logo\\\/image\\\/\"}},{\"@type\":\"Person\",\"@id\":\"https:\\\/\\\/zrozumiecswiat.sosw.bochnia.pl\\\/#\\\/schema\\\/person\\\/5bcd8d68a0ae16d12cb78d98c6d40c56\",\"name\":\"zrozumiec\",\"image\":{\"@type\":\"ImageObject\",\"inLanguage\":\"pl-PL\",\"@id\":\"https:\\\/\\\/secure.gravatar.com\\\/avatar\\\/36db499b07049ca11d60b3347b3137a92495569350d7773933f6ee3f92f8b67a?s=96&d=blank&r=g\",\"url\":\"https:\\\/\\\/secure.gravatar.com\\\/avatar\\\/36db499b07049ca11d60b3347b3137a92495569350d7773933f6ee3f92f8b67a?s=96&d=blank&r=g\",\"contentUrl\":\"https:\\\/\\\/secure.gravatar.com\\\/avatar\\\/36db499b07049ca11d60b3347b3137a92495569350d7773933f6ee3f92f8b67a?s=96&d=blank&r=g\",\"caption\":\"zrozumiec\"},\"sameAs\":[\"http:\\\/\\\/zrozumiecswiat.sosw.bochnia.pl\"],\"url\":\"https:\\\/\\\/zrozumiecswiat.sosw.bochnia.pl\\\/index.php\\\/author\\\/zrozumiec\\\/\"}]}<\/script>\n<!-- \/ Yoast SEO plugin. -->","yoast_head_json":{"title":"PRZEDSTAWIENIE \u201cCzerwony kapturek\u201d - Pozw\u00f3l mi zrozumie\u0107 \u015bwiat","robots":{"index":"index","follow":"follow","max-snippet":"max-snippet:-1","max-image-preview":"max-image-preview:large","max-video-preview":"max-video-preview:-1"},"canonical":"https:\/\/zrozumiecswiat.sosw.bochnia.pl\/index.php\/2021\/12\/03\/przedstawienie-czerwony-kapturek\/","og_locale":"pl_PL","og_type":"article","og_title":"PRZEDSTAWIENIE \u201cCzerwony kapturek\u201d - Pozw\u00f3l mi zrozumie\u0107 \u015bwiat","og_description":"Uczniowie uczestnicz\u0105cy w projekcje teatralnym z du\u017cym zaanga\u017cowaniem przygotowywali si\u0119 ju\u017c od pa\u017adziernika do wystawienia sztuki \u201eCzerwony Kapturek \u2013 wnuczka Miko\u0142aja\u201d. Czytaj wi\u0119cej PRZEDSTAWIENIE \u201cCzerwony kapturek\u201d","og_url":"https:\/\/zrozumiecswiat.sosw.bochnia.pl\/index.php\/2021\/12\/03\/przedstawienie-czerwony-kapturek\/","og_site_name":"Pozw\u00f3l mi zrozumie\u0107 \u015bwiat","article_published_time":"2021-12-03T18:41:00+00:00","article_modified_time":"2022-09-20T18:05:11+00:00","og_image":[{"width":1280,"height":853,"url":"https:\/\/zrozumiecswiat.sosw.bochnia.pl\/wp-content\/uploads\/2022\/09\/little-red-riding-hood-tale-wolf-4766015.jpg","type":"image\/jpeg"}],"author":"zrozumiec","twitter_card":"summary_large_image","twitter_misc":{"Napisane przez":"zrozumiec","Szacowany czas czytania":"1 minuta"},"schema":{"@context":"https:\/\/schema.org","@graph":[{"@type":"Article","@id":"https:\/\/zrozumiecswiat.sosw.bochnia.pl\/index.php\/2021\/12\/03\/przedstawienie-czerwony-kapturek\/#article","isPartOf":{"@id":"https:\/\/zrozumiecswiat.sosw.bochnia.pl\/index.php\/2021\/12\/03\/przedstawienie-czerwony-kapturek\/"},"author":{"name":"zrozumiec","@id":"https:\/\/zrozumiecswiat.sosw.bochnia.pl\/#\/schema\/person\/5bcd8d68a0ae16d12cb78d98c6d40c56"},"headline":"PRZEDSTAWIENIE \u201cCzerwony kapturek\u201d","datePublished":"2021-12-03T18:41:00+00:00","dateModified":"2022-09-20T18:05:11+00:00","mainEntityOfPage":{"@id":"https:\/\/zrozumiecswiat.sosw.bochnia.pl\/index.php\/2021\/12\/03\/przedstawienie-czerwony-kapturek\/"},"wordCount":86,"publisher":{"@id":"https:\/\/zrozumiecswiat.sosw.bochnia.pl\/#organization"},"image":{"@id":"https:\/\/zrozumiecswiat.sosw.bochnia.pl\/index.php\/2021\/12\/03\/przedstawienie-czerwony-kapturek\/#primaryimage"},"thumbnailUrl":"https:\/\/zrozumiecswiat.sosw.bochnia.pl\/wp-content\/uploads\/2022\/09\/little-red-riding-hood-tale-wolf-4766015.jpg","articleSection":["Aktualno\u015bci"],"inLanguage":"pl-PL"},{"@type":"WebPage","@id":"https:\/\/zrozumiecswiat.sosw.bochnia.pl\/index.php\/2021\/12\/03\/przedstawienie-czerwony-kapturek\/","url":"https:\/\/zrozumiecswiat.sosw.bochnia.pl\/index.php\/2021\/12\/03\/przedstawienie-czerwony-kapturek\/","name":"PRZEDSTAWIENIE \u201cCzerwony kapturek\u201d - Pozw\u00f3l mi zrozumie\u0107 \u015bwiat","isPartOf":{"@id":"https:\/\/zrozumiecswiat.sosw.bochnia.pl\/#website"},"primaryImageOfPage":{"@id":"https:\/\/zrozumiecswiat.sosw.bochnia.pl\/index.php\/2021\/12\/03\/przedstawienie-czerwony-kapturek\/#primaryimage"},"image":{"@id":"https:\/\/zrozumiecswiat.sosw.bochnia.pl\/index.php\/2021\/12\/03\/przedstawienie-czerwony-kapturek\/#primaryimage"},"thumbnailUrl":"https:\/\/zrozumiecswiat.sosw.bochnia.pl\/wp-content\/uploads\/2022\/09\/little-red-riding-hood-tale-wolf-4766015.jpg","datePublished":"2021-12-03T18:41:00+00:00","dateModified":"2022-09-20T18:05:11+00:00","breadcrumb":{"@id":"https:\/\/zrozumiecswiat.sosw.bochnia.pl\/index.php\/2021\/12\/03\/przedstawienie-czerwony-kapturek\/#breadcrumb"},"inLanguage":"pl-PL","potentialAction":[{"@type":"ReadAction","target":["https:\/\/zrozumiecswiat.sosw.bochnia.pl\/index.php\/2021\/12\/03\/przedstawienie-czerwony-kapturek\/"]}]},{"@type":"ImageObject","inLanguage":"pl-PL","@id":"https:\/\/zrozumiecswiat.sosw.bochnia.pl\/index.php\/2021\/12\/03\/przedstawienie-czerwony-kapturek\/#primaryimage","url":"https:\/\/zrozumiecswiat.sosw.bochnia.pl\/wp-content\/uploads\/2022\/09\/little-red-riding-hood-tale-wolf-4766015.jpg","contentUrl":"https:\/\/zrozumiecswiat.sosw.bochnia.pl\/wp-content\/uploads\/2022\/09\/little-red-riding-hood-tale-wolf-4766015.jpg","width":1280,"height":853,"caption":"ma\u0142a dziewczynka w czerwonym kapturze, w tle stoi wilk."},{"@type":"BreadcrumbList","@id":"https:\/\/zrozumiecswiat.sosw.bochnia.pl\/index.php\/2021\/12\/03\/przedstawienie-czerwony-kapturek\/#breadcrumb","itemListElement":[{"@type":"ListItem","position":1,"name":"Strona g\u0142\u00f3wna","item":"https:\/\/zrozumiecswiat.sosw.bochnia.pl\/"},{"@type":"ListItem","position":2,"name":"PRZEDSTAWIENIE \u201cCzerwony kapturek\u201d"}]},{"@type":"WebSite","@id":"https:\/\/zrozumiecswiat.sosw.bochnia.pl\/#website","url":"https:\/\/zrozumiecswiat.sosw.bochnia.pl\/","name":"Pozw\u00f3l mi zrozumie\u0107 \u015bwiat","description":"","publisher":{"@id":"https:\/\/zrozumiecswiat.sosw.bochnia.pl\/#organization"},"potentialAction":[{"@type":"SearchAction","target":{"@type":"EntryPoint","urlTemplate":"https:\/\/zrozumiecswiat.sosw.bochnia.pl\/?s={search_term_string}"},"query-input":{"@type":"PropertyValueSpecification","valueRequired":true,"valueName":"search_term_string"}}],"inLanguage":"pl-PL"},{"@type":"Organization","@id":"https:\/\/zrozumiecswiat.sosw.bochnia.pl\/#organization","name":"Pozw\u00f3l mi zrozumie\u0107 \u015bwiat","url":"https:\/\/zrozumiecswiat.sosw.bochnia.pl\/","logo":{"@type":"ImageObject","inLanguage":"pl-PL","@id":"https:\/\/zrozumiecswiat.sosw.bochnia.pl\/#\/schema\/logo\/image\/","url":"https:\/\/zrozumiecswiat.sosw.bochnia.pl\/wp-content\/uploads\/2022\/09\/sosw_right.png","contentUrl":"https:\/\/zrozumiecswiat.sosw.bochnia.pl\/wp-content\/uploads\/2022\/09\/sosw_right.png","width":350,"height":86,"caption":"Pozw\u00f3l mi zrozumie\u0107 \u015bwiat"},"image":{"@id":"https:\/\/zrozumiecswiat.sosw.bochnia.pl\/#\/schema\/logo\/image\/"}},{"@type":"Person","@id":"https:\/\/zrozumiecswiat.sosw.bochnia.pl\/#\/schema\/person\/5bcd8d68a0ae16d12cb78d98c6d40c56","name":"zrozumiec","image":{"@type":"ImageObject","inLanguage":"pl-PL","@id":"https:\/\/secure.gravatar.com\/avatar\/36db499b07049ca11d60b3347b3137a92495569350d7773933f6ee3f92f8b67a?s=96&d=blank&r=g","url":"https:\/\/secure.gravatar.com\/avatar\/36db499b07049ca11d60b3347b3137a92495569350d7773933f6ee3f92f8b67a?s=96&d=blank&r=g","contentUrl":"https:\/\/secure.gravatar.com\/avatar\/36db499b07049ca11d60b3347b3137a92495569350d7773933f6ee3f92f8b67a?s=96&d=blank&r=g","caption":"zrozumiec"},"sameAs":["http:\/\/zrozumiecswiat.sosw.bochnia.pl"],"url":"https:\/\/zrozumiecswiat.sosw.bochnia.pl\/index.php\/author\/zrozumiec\/"}]}},"_links":{"self":[{"href":"https:\/\/zrozumiecswiat.sosw.bochnia.pl\/index.php\/wp-json\/wp\/v2\/posts\/311","targetHints":{"allow":["GET"]}}],"collection":[{"href":"https:\/\/zrozumiecswiat.sosw.bochnia.pl\/index.php\/wp-json\/wp\/v2\/posts"}],"about":[{"href":"https:\/\/zrozumiecswiat.sosw.bochnia.pl\/index.php\/wp-json\/wp\/v2\/types\/post"}],"author":[{"embeddable":true,"href":"https:\/\/zrozumiecswiat.sosw.bochnia.pl\/index.php\/wp-json\/wp\/v2\/users\/1"}],"replies":[{"embeddable":true,"href":"https:\/\/zrozumiecswiat.sosw.bochnia.pl\/index.php\/wp-json\/wp\/v2\/comments?post=311"}],"version-history":[{"count":2,"href":"https:\/\/zrozumiecswiat.sosw.bochnia.pl\/index.php\/wp-json\/wp\/v2\/posts\/311\/revisions"}],"predecessor-version":[{"id":316,"href":"https:\/\/zrozumiecswiat.sosw.bochnia.pl\/index.php\/wp-json\/wp\/v2\/posts\/311\/revisions\/316"}],"wp:featuredmedia":[{"embeddable":true,"href":"https:\/\/zrozumiecswiat.sosw.bochnia.pl\/index.php\/wp-json\/wp\/v2\/media\/314"}],"wp:attachment":[{"href":"https:\/\/zrozumiecswiat.sosw.bochnia.pl\/index.php\/wp-json\/wp\/v2\/media?parent=311"}],"wp:term":[{"taxonomy":"category","embeddable":true,"href":"https:\/\/zrozumiecswiat.sosw.bochnia.pl\/index.php\/wp-json\/wp\/v2\/categories?post=311"},{"taxonomy":"post_tag","embeddable":true,"href":"https:\/\/zrozumiecswiat.sosw.bochnia.pl\/index.php\/wp-json\/wp\/v2\/tags?post=311"}],"curies":[{"name":"wp","href":"https:\/\/api.w.org\/{rel}","templated":true}]}}