{"id":325,"date":"2021-12-20T20:50:00","date_gmt":"2021-12-20T19:50:00","guid":{"rendered":"http:\/\/zrozumiecswiat.sosw.bochnia.pl\/?p=325"},"modified":"2022-09-20T21:04:31","modified_gmt":"2022-09-20T19:04:31","slug":"zyczenia-dla-przyjaciol-z-rumunii","status":"publish","type":"post","link":"https:\/\/zrozumiecswiat.sosw.bochnia.pl\/index.php\/2021\/12\/20\/zyczenia-dla-przyjaciol-z-rumunii\/","title":{"rendered":"\u017bYCZENIA DLA PRZYJACI\u00d3\u0141 Z RUMUNII"},"content":{"rendered":"\n<p>grudzie\u0144 2021 r.<\/p>\n\n\n\n<h2 class=\"wp-block-heading\">Zadanie 2: Zaj\u0119cia rozwijaj\u0105ce zainteresowanie technologi\u0105 informacyjn\u0105 i IT<\/h2>\n\n\n<p>\u017byczenia \u015bwi\u0105teczne dla uczni\u00f3w z Centrum Szkolenia Edukacji Integracyjnej \u201cSf. Andrei\u201d w Gura Humorului w Rumunii. Monta\u017c materia\u0142u zrealizowano na zaj\u0119ciach rozwijaj\u0105cych zainteresowania technologi\u0105 informacyjn\u0105 oraz IT. Uczniowie wykorzystali do tego celu specjalnie zakupiony program Pinnacle Studio.<\/p>\n<p>\u00a0<\/p>\n\n\n<div style=\"height:37px\" aria-hidden=\"true\" class=\"wp-block-spacer\"><\/div>\n\n\n\n<figure class=\"wp-block-embed is-type-video is-provider-youtube wp-block-embed-youtube wp-embed-aspect-16-9 wp-has-aspect-ratio\"><div class=\"wp-block-embed__wrapper\">\n<iframe loading=\"lazy\" title=\"Muzyczne \u017cyczenia \u015bwiateczne dla przyjaci\u00f3\u0142 ze szko\u0142y \u201dSt. Andrew\u201d School w Gura Humorului - Rumunia\" width=\"440\" height=\"248\" src=\"https:\/\/www.youtube.com\/embed\/Yfmt7QN_Ci0?feature=oembed\" frameborder=\"0\" allow=\"accelerometer; autoplay; clipboard-write; encrypted-media; gyroscope; picture-in-picture; web-share\" referrerpolicy=\"strict-origin-when-cross-origin\" allowfullscreen><\/iframe>\n<\/div><\/figure>\n\n\n\n<div style=\"height:45px\" aria-hidden=\"true\" class=\"wp-block-spacer\"><\/div>\n\n\n\n<div class=\"wp-block-columns is-layout-flex wp-container-core-columns-is-layout-9d6595d7 wp-block-columns-is-layout-flex\">\n<div class=\"wp-block-column is-layout-flow wp-block-column-is-layout-flow\"><\/div>\n\n\n\n<div class=\"wp-block-column is-layout-flow wp-block-column-is-layout-flow\"><\/div>\n<\/div>\n\n\n\n<div style=\"height:10px\" aria-hidden=\"true\" class=\"wp-block-spacer\"><\/div>\n\n\n\n<div class=\"wp-block-buttons is-content-justification-right is-layout-flex wp-container-core-buttons-is-layout-765c4724 wp-block-buttons-is-layout-flex\">\n<div class=\"wp-block-button\"><a class=\"wp-block-button__link\" href=\"http:\/\/zrozumiecswiat.sosw.bochnia.pl\/index.php\/wydarzenia\/\">powr\u00f3t<\/a><\/div>\n<\/div>\n\n\n\n<p><\/p>\n","protected":false},"excerpt":{"rendered":"<p>\u017byczenia \u015bwi\u0105teczne dla uczni\u00f3w z Centrum Szkolenia Edukacji Integracyjnej \u201cSf. Andrei\u201d w Gura Humorului w Rumunii. <a class=\"continue\" href=\"https:\/\/zrozumiecswiat.sosw.bochnia.pl\/index.php\/2021\/12\/20\/zyczenia-dla-przyjaciol-z-rumunii\/\">Czytaj wi\u0119cej<span> \u017bYCZENIA DLA PRZYJACI\u00d3\u0141 Z RUMUNII<\/span><\/a><\/p>\n","protected":false},"author":1,"featured_media":326,"comment_status":"closed","ping_status":"closed","sticky":false,"template":"","format":"standard","meta":{"footnotes":""},"categories":[1],"tags":[],"class_list":["post-325","post","type-post","status-publish","format-standard","has-post-thumbnail","hentry","category-aktualnosci"],"yoast_head":"<!-- This site is optimized with the Yoast SEO plugin v27.4 - https:\/\/yoast.com\/product\/yoast-seo-wordpress\/ -->\n<title>\u017bYCZENIA DLA PRZYJACI\u00d3\u0141 Z RUMUNII - Pozw\u00f3l mi zrozumie\u0107 \u015bwiat<\/title>\n<meta name=\"robots\" content=\"index, follow, max-snippet:-1, max-image-preview:large, max-video-preview:-1\" \/>\n<link rel=\"canonical\" href=\"https:\/\/zrozumiecswiat.sosw.bochnia.pl\/index.php\/2021\/12\/20\/zyczenia-dla-przyjaciol-z-rumunii\/\" \/>\n<meta property=\"og:locale\" content=\"pl_PL\" \/>\n<meta property=\"og:type\" content=\"article\" \/>\n<meta property=\"og:title\" content=\"\u017bYCZENIA DLA PRZYJACI\u00d3\u0141 Z RUMUNII - Pozw\u00f3l mi zrozumie\u0107 \u015bwiat\" \/>\n<meta property=\"og:description\" content=\"\u017byczenia \u015bwi\u0105teczne dla uczni\u00f3w z Centrum Szkolenia Edukacji Integracyjnej \u201cSf. Andrei\u201d w Gura Humorului w Rumunii. Czytaj wi\u0119cej \u017bYCZENIA DLA PRZYJACI\u00d3\u0141 Z RUMUNII\" \/>\n<meta property=\"og:url\" content=\"https:\/\/zrozumiecswiat.sosw.bochnia.pl\/index.php\/2021\/12\/20\/zyczenia-dla-przyjaciol-z-rumunii\/\" \/>\n<meta property=\"og:site_name\" content=\"Pozw\u00f3l mi zrozumie\u0107 \u015bwiat\" \/>\n<meta property=\"article:published_time\" content=\"2021-12-20T19:50:00+00:00\" \/>\n<meta property=\"article:modified_time\" content=\"2022-09-20T19:04:31+00:00\" \/>\n<meta property=\"og:image\" content=\"https:\/\/zrozumiecswiat.sosw.bochnia.pl\/wp-content\/uploads\/2022\/09\/rumunia2.jpg\" \/>\n\t<meta property=\"og:image:width\" content=\"1366\" \/>\n\t<meta property=\"og:image:height\" content=\"768\" \/>\n\t<meta property=\"og:image:type\" content=\"image\/jpeg\" \/>\n<meta name=\"author\" content=\"zrozumiec\" \/>\n<meta name=\"twitter:card\" content=\"summary_large_image\" \/>\n<meta name=\"twitter:label1\" content=\"Napisane przez\" \/>\n\t<meta name=\"twitter:data1\" content=\"zrozumiec\" \/>\n\t<meta name=\"twitter:label2\" content=\"Szacowany czas czytania\" \/>\n\t<meta name=\"twitter:data2\" content=\"1 minuta\" \/>\n<script type=\"application\/ld+json\" class=\"yoast-schema-graph\">{\"@context\":\"https:\\\/\\\/schema.org\",\"@graph\":[{\"@type\":\"Article\",\"@id\":\"https:\\\/\\\/zrozumiecswiat.sosw.bochnia.pl\\\/index.php\\\/2021\\\/12\\\/20\\\/zyczenia-dla-przyjaciol-z-rumunii\\\/#article\",\"isPartOf\":{\"@id\":\"https:\\\/\\\/zrozumiecswiat.sosw.bochnia.pl\\\/index.php\\\/2021\\\/12\\\/20\\\/zyczenia-dla-przyjaciol-z-rumunii\\\/\"},\"author\":{\"name\":\"zrozumiec\",\"@id\":\"https:\\\/\\\/zrozumiecswiat.sosw.bochnia.pl\\\/#\\\/schema\\\/person\\\/5bcd8d68a0ae16d12cb78d98c6d40c56\"},\"headline\":\"\u017bYCZENIA DLA PRZYJACI\u00d3\u0141 Z RUMUNII\",\"datePublished\":\"2021-12-20T19:50:00+00:00\",\"dateModified\":\"2022-09-20T19:04:31+00:00\",\"mainEntityOfPage\":{\"@id\":\"https:\\\/\\\/zrozumiecswiat.sosw.bochnia.pl\\\/index.php\\\/2021\\\/12\\\/20\\\/zyczenia-dla-przyjaciol-z-rumunii\\\/\"},\"wordCount\":67,\"publisher\":{\"@id\":\"https:\\\/\\\/zrozumiecswiat.sosw.bochnia.pl\\\/#organization\"},\"image\":{\"@id\":\"https:\\\/\\\/zrozumiecswiat.sosw.bochnia.pl\\\/index.php\\\/2021\\\/12\\\/20\\\/zyczenia-dla-przyjaciol-z-rumunii\\\/#primaryimage\"},\"thumbnailUrl\":\"https:\\\/\\\/zrozumiecswiat.sosw.bochnia.pl\\\/wp-content\\\/uploads\\\/2022\\\/09\\\/rumunia2.jpg\",\"articleSection\":[\"Aktualno\u015bci\"],\"inLanguage\":\"pl-PL\"},{\"@type\":\"WebPage\",\"@id\":\"https:\\\/\\\/zrozumiecswiat.sosw.bochnia.pl\\\/index.php\\\/2021\\\/12\\\/20\\\/zyczenia-dla-przyjaciol-z-rumunii\\\/\",\"url\":\"https:\\\/\\\/zrozumiecswiat.sosw.bochnia.pl\\\/index.php\\\/2021\\\/12\\\/20\\\/zyczenia-dla-przyjaciol-z-rumunii\\\/\",\"name\":\"\u017bYCZENIA DLA PRZYJACI\u00d3\u0141 Z RUMUNII - Pozw\u00f3l mi zrozumie\u0107 \u015bwiat\",\"isPartOf\":{\"@id\":\"https:\\\/\\\/zrozumiecswiat.sosw.bochnia.pl\\\/#website\"},\"primaryImageOfPage\":{\"@id\":\"https:\\\/\\\/zrozumiecswiat.sosw.bochnia.pl\\\/index.php\\\/2021\\\/12\\\/20\\\/zyczenia-dla-przyjaciol-z-rumunii\\\/#primaryimage\"},\"image\":{\"@id\":\"https:\\\/\\\/zrozumiecswiat.sosw.bochnia.pl\\\/index.php\\\/2021\\\/12\\\/20\\\/zyczenia-dla-przyjaciol-z-rumunii\\\/#primaryimage\"},\"thumbnailUrl\":\"https:\\\/\\\/zrozumiecswiat.sosw.bochnia.pl\\\/wp-content\\\/uploads\\\/2022\\\/09\\\/rumunia2.jpg\",\"datePublished\":\"2021-12-20T19:50:00+00:00\",\"dateModified\":\"2022-09-20T19:04:31+00:00\",\"breadcrumb\":{\"@id\":\"https:\\\/\\\/zrozumiecswiat.sosw.bochnia.pl\\\/index.php\\\/2021\\\/12\\\/20\\\/zyczenia-dla-przyjaciol-z-rumunii\\\/#breadcrumb\"},\"inLanguage\":\"pl-PL\",\"potentialAction\":[{\"@type\":\"ReadAction\",\"target\":[\"https:\\\/\\\/zrozumiecswiat.sosw.bochnia.pl\\\/index.php\\\/2021\\\/12\\\/20\\\/zyczenia-dla-przyjaciol-z-rumunii\\\/\"]}]},{\"@type\":\"ImageObject\",\"inLanguage\":\"pl-PL\",\"@id\":\"https:\\\/\\\/zrozumiecswiat.sosw.bochnia.pl\\\/index.php\\\/2021\\\/12\\\/20\\\/zyczenia-dla-przyjaciol-z-rumunii\\\/#primaryimage\",\"url\":\"https:\\\/\\\/zrozumiecswiat.sosw.bochnia.pl\\\/wp-content\\\/uploads\\\/2022\\\/09\\\/rumunia2.jpg\",\"contentUrl\":\"https:\\\/\\\/zrozumiecswiat.sosw.bochnia.pl\\\/wp-content\\\/uploads\\\/2022\\\/09\\\/rumunia2.jpg\",\"width\":1366,\"height\":768,\"caption\":\"alt=\\\"\\\"\"},{\"@type\":\"BreadcrumbList\",\"@id\":\"https:\\\/\\\/zrozumiecswiat.sosw.bochnia.pl\\\/index.php\\\/2021\\\/12\\\/20\\\/zyczenia-dla-przyjaciol-z-rumunii\\\/#breadcrumb\",\"itemListElement\":[{\"@type\":\"ListItem\",\"position\":1,\"name\":\"Strona g\u0142\u00f3wna\",\"item\":\"https:\\\/\\\/zrozumiecswiat.sosw.bochnia.pl\\\/\"},{\"@type\":\"ListItem\",\"position\":2,\"name\":\"\u017bYCZENIA DLA PRZYJACI\u00d3\u0141 Z RUMUNII\"}]},{\"@type\":\"WebSite\",\"@id\":\"https:\\\/\\\/zrozumiecswiat.sosw.bochnia.pl\\\/#website\",\"url\":\"https:\\\/\\\/zrozumiecswiat.sosw.bochnia.pl\\\/\",\"name\":\"Pozw\u00f3l mi zrozumie\u0107 \u015bwiat\",\"description\":\"\",\"publisher\":{\"@id\":\"https:\\\/\\\/zrozumiecswiat.sosw.bochnia.pl\\\/#organization\"},\"potentialAction\":[{\"@type\":\"SearchAction\",\"target\":{\"@type\":\"EntryPoint\",\"urlTemplate\":\"https:\\\/\\\/zrozumiecswiat.sosw.bochnia.pl\\\/?s={search_term_string}\"},\"query-input\":{\"@type\":\"PropertyValueSpecification\",\"valueRequired\":true,\"valueName\":\"search_term_string\"}}],\"inLanguage\":\"pl-PL\"},{\"@type\":\"Organization\",\"@id\":\"https:\\\/\\\/zrozumiecswiat.sosw.bochnia.pl\\\/#organization\",\"name\":\"Pozw\u00f3l mi zrozumie\u0107 \u015bwiat\",\"url\":\"https:\\\/\\\/zrozumiecswiat.sosw.bochnia.pl\\\/\",\"logo\":{\"@type\":\"ImageObject\",\"inLanguage\":\"pl-PL\",\"@id\":\"https:\\\/\\\/zrozumiecswiat.sosw.bochnia.pl\\\/#\\\/schema\\\/logo\\\/image\\\/\",\"url\":\"https:\\\/\\\/zrozumiecswiat.sosw.bochnia.pl\\\/wp-content\\\/uploads\\\/2022\\\/09\\\/sosw_right.png\",\"contentUrl\":\"https:\\\/\\\/zrozumiecswiat.sosw.bochnia.pl\\\/wp-content\\\/uploads\\\/2022\\\/09\\\/sosw_right.png\",\"width\":350,\"height\":86,\"caption\":\"Pozw\u00f3l mi zrozumie\u0107 \u015bwiat\"},\"image\":{\"@id\":\"https:\\\/\\\/zrozumiecswiat.sosw.bochnia.pl\\\/#\\\/schema\\\/logo\\\/image\\\/\"}},{\"@type\":\"Person\",\"@id\":\"https:\\\/\\\/zrozumiecswiat.sosw.bochnia.pl\\\/#\\\/schema\\\/person\\\/5bcd8d68a0ae16d12cb78d98c6d40c56\",\"name\":\"zrozumiec\",\"image\":{\"@type\":\"ImageObject\",\"inLanguage\":\"pl-PL\",\"@id\":\"https:\\\/\\\/secure.gravatar.com\\\/avatar\\\/36db499b07049ca11d60b3347b3137a92495569350d7773933f6ee3f92f8b67a?s=96&d=blank&r=g\",\"url\":\"https:\\\/\\\/secure.gravatar.com\\\/avatar\\\/36db499b07049ca11d60b3347b3137a92495569350d7773933f6ee3f92f8b67a?s=96&d=blank&r=g\",\"contentUrl\":\"https:\\\/\\\/secure.gravatar.com\\\/avatar\\\/36db499b07049ca11d60b3347b3137a92495569350d7773933f6ee3f92f8b67a?s=96&d=blank&r=g\",\"caption\":\"zrozumiec\"},\"sameAs\":[\"http:\\\/\\\/zrozumiecswiat.sosw.bochnia.pl\"],\"url\":\"https:\\\/\\\/zrozumiecswiat.sosw.bochnia.pl\\\/index.php\\\/author\\\/zrozumiec\\\/\"}]}<\/script>\n<!-- \/ Yoast SEO plugin. -->","yoast_head_json":{"title":"\u017bYCZENIA DLA PRZYJACI\u00d3\u0141 Z RUMUNII - Pozw\u00f3l mi zrozumie\u0107 \u015bwiat","robots":{"index":"index","follow":"follow","max-snippet":"max-snippet:-1","max-image-preview":"max-image-preview:large","max-video-preview":"max-video-preview:-1"},"canonical":"https:\/\/zrozumiecswiat.sosw.bochnia.pl\/index.php\/2021\/12\/20\/zyczenia-dla-przyjaciol-z-rumunii\/","og_locale":"pl_PL","og_type":"article","og_title":"\u017bYCZENIA DLA PRZYJACI\u00d3\u0141 Z RUMUNII - Pozw\u00f3l mi zrozumie\u0107 \u015bwiat","og_description":"\u017byczenia \u015bwi\u0105teczne dla uczni\u00f3w z Centrum Szkolenia Edukacji Integracyjnej \u201cSf. Andrei\u201d w Gura Humorului w Rumunii. Czytaj wi\u0119cej \u017bYCZENIA DLA PRZYJACI\u00d3\u0141 Z RUMUNII","og_url":"https:\/\/zrozumiecswiat.sosw.bochnia.pl\/index.php\/2021\/12\/20\/zyczenia-dla-przyjaciol-z-rumunii\/","og_site_name":"Pozw\u00f3l mi zrozumie\u0107 \u015bwiat","article_published_time":"2021-12-20T19:50:00+00:00","article_modified_time":"2022-09-20T19:04:31+00:00","og_image":[{"width":1366,"height":768,"url":"https:\/\/zrozumiecswiat.sosw.bochnia.pl\/wp-content\/uploads\/2022\/09\/rumunia2.jpg","type":"image\/jpeg"}],"author":"zrozumiec","twitter_card":"summary_large_image","twitter_misc":{"Napisane przez":"zrozumiec","Szacowany czas czytania":"1 minuta"},"schema":{"@context":"https:\/\/schema.org","@graph":[{"@type":"Article","@id":"https:\/\/zrozumiecswiat.sosw.bochnia.pl\/index.php\/2021\/12\/20\/zyczenia-dla-przyjaciol-z-rumunii\/#article","isPartOf":{"@id":"https:\/\/zrozumiecswiat.sosw.bochnia.pl\/index.php\/2021\/12\/20\/zyczenia-dla-przyjaciol-z-rumunii\/"},"author":{"name":"zrozumiec","@id":"https:\/\/zrozumiecswiat.sosw.bochnia.pl\/#\/schema\/person\/5bcd8d68a0ae16d12cb78d98c6d40c56"},"headline":"\u017bYCZENIA DLA PRZYJACI\u00d3\u0141 Z RUMUNII","datePublished":"2021-12-20T19:50:00+00:00","dateModified":"2022-09-20T19:04:31+00:00","mainEntityOfPage":{"@id":"https:\/\/zrozumiecswiat.sosw.bochnia.pl\/index.php\/2021\/12\/20\/zyczenia-dla-przyjaciol-z-rumunii\/"},"wordCount":67,"publisher":{"@id":"https:\/\/zrozumiecswiat.sosw.bochnia.pl\/#organization"},"image":{"@id":"https:\/\/zrozumiecswiat.sosw.bochnia.pl\/index.php\/2021\/12\/20\/zyczenia-dla-przyjaciol-z-rumunii\/#primaryimage"},"thumbnailUrl":"https:\/\/zrozumiecswiat.sosw.bochnia.pl\/wp-content\/uploads\/2022\/09\/rumunia2.jpg","articleSection":["Aktualno\u015bci"],"inLanguage":"pl-PL"},{"@type":"WebPage","@id":"https:\/\/zrozumiecswiat.sosw.bochnia.pl\/index.php\/2021\/12\/20\/zyczenia-dla-przyjaciol-z-rumunii\/","url":"https:\/\/zrozumiecswiat.sosw.bochnia.pl\/index.php\/2021\/12\/20\/zyczenia-dla-przyjaciol-z-rumunii\/","name":"\u017bYCZENIA DLA PRZYJACI\u00d3\u0141 Z RUMUNII - Pozw\u00f3l mi zrozumie\u0107 \u015bwiat","isPartOf":{"@id":"https:\/\/zrozumiecswiat.sosw.bochnia.pl\/#website"},"primaryImageOfPage":{"@id":"https:\/\/zrozumiecswiat.sosw.bochnia.pl\/index.php\/2021\/12\/20\/zyczenia-dla-przyjaciol-z-rumunii\/#primaryimage"},"image":{"@id":"https:\/\/zrozumiecswiat.sosw.bochnia.pl\/index.php\/2021\/12\/20\/zyczenia-dla-przyjaciol-z-rumunii\/#primaryimage"},"thumbnailUrl":"https:\/\/zrozumiecswiat.sosw.bochnia.pl\/wp-content\/uploads\/2022\/09\/rumunia2.jpg","datePublished":"2021-12-20T19:50:00+00:00","dateModified":"2022-09-20T19:04:31+00:00","breadcrumb":{"@id":"https:\/\/zrozumiecswiat.sosw.bochnia.pl\/index.php\/2021\/12\/20\/zyczenia-dla-przyjaciol-z-rumunii\/#breadcrumb"},"inLanguage":"pl-PL","potentialAction":[{"@type":"ReadAction","target":["https:\/\/zrozumiecswiat.sosw.bochnia.pl\/index.php\/2021\/12\/20\/zyczenia-dla-przyjaciol-z-rumunii\/"]}]},{"@type":"ImageObject","inLanguage":"pl-PL","@id":"https:\/\/zrozumiecswiat.sosw.bochnia.pl\/index.php\/2021\/12\/20\/zyczenia-dla-przyjaciol-z-rumunii\/#primaryimage","url":"https:\/\/zrozumiecswiat.sosw.bochnia.pl\/wp-content\/uploads\/2022\/09\/rumunia2.jpg","contentUrl":"https:\/\/zrozumiecswiat.sosw.bochnia.pl\/wp-content\/uploads\/2022\/09\/rumunia2.jpg","width":1366,"height":768,"caption":"alt=\"\""},{"@type":"BreadcrumbList","@id":"https:\/\/zrozumiecswiat.sosw.bochnia.pl\/index.php\/2021\/12\/20\/zyczenia-dla-przyjaciol-z-rumunii\/#breadcrumb","itemListElement":[{"@type":"ListItem","position":1,"name":"Strona g\u0142\u00f3wna","item":"https:\/\/zrozumiecswiat.sosw.bochnia.pl\/"},{"@type":"ListItem","position":2,"name":"\u017bYCZENIA DLA PRZYJACI\u00d3\u0141 Z RUMUNII"}]},{"@type":"WebSite","@id":"https:\/\/zrozumiecswiat.sosw.bochnia.pl\/#website","url":"https:\/\/zrozumiecswiat.sosw.bochnia.pl\/","name":"Pozw\u00f3l mi zrozumie\u0107 \u015bwiat","description":"","publisher":{"@id":"https:\/\/zrozumiecswiat.sosw.bochnia.pl\/#organization"},"potentialAction":[{"@type":"SearchAction","target":{"@type":"EntryPoint","urlTemplate":"https:\/\/zrozumiecswiat.sosw.bochnia.pl\/?s={search_term_string}"},"query-input":{"@type":"PropertyValueSpecification","valueRequired":true,"valueName":"search_term_string"}}],"inLanguage":"pl-PL"},{"@type":"Organization","@id":"https:\/\/zrozumiecswiat.sosw.bochnia.pl\/#organization","name":"Pozw\u00f3l mi zrozumie\u0107 \u015bwiat","url":"https:\/\/zrozumiecswiat.sosw.bochnia.pl\/","logo":{"@type":"ImageObject","inLanguage":"pl-PL","@id":"https:\/\/zrozumiecswiat.sosw.bochnia.pl\/#\/schema\/logo\/image\/","url":"https:\/\/zrozumiecswiat.sosw.bochnia.pl\/wp-content\/uploads\/2022\/09\/sosw_right.png","contentUrl":"https:\/\/zrozumiecswiat.sosw.bochnia.pl\/wp-content\/uploads\/2022\/09\/sosw_right.png","width":350,"height":86,"caption":"Pozw\u00f3l mi zrozumie\u0107 \u015bwiat"},"image":{"@id":"https:\/\/zrozumiecswiat.sosw.bochnia.pl\/#\/schema\/logo\/image\/"}},{"@type":"Person","@id":"https:\/\/zrozumiecswiat.sosw.bochnia.pl\/#\/schema\/person\/5bcd8d68a0ae16d12cb78d98c6d40c56","name":"zrozumiec","image":{"@type":"ImageObject","inLanguage":"pl-PL","@id":"https:\/\/secure.gravatar.com\/avatar\/36db499b07049ca11d60b3347b3137a92495569350d7773933f6ee3f92f8b67a?s=96&d=blank&r=g","url":"https:\/\/secure.gravatar.com\/avatar\/36db499b07049ca11d60b3347b3137a92495569350d7773933f6ee3f92f8b67a?s=96&d=blank&r=g","contentUrl":"https:\/\/secure.gravatar.com\/avatar\/36db499b07049ca11d60b3347b3137a92495569350d7773933f6ee3f92f8b67a?s=96&d=blank&r=g","caption":"zrozumiec"},"sameAs":["http:\/\/zrozumiecswiat.sosw.bochnia.pl"],"url":"https:\/\/zrozumiecswiat.sosw.bochnia.pl\/index.php\/author\/zrozumiec\/"}]}},"_links":{"self":[{"href":"https:\/\/zrozumiecswiat.sosw.bochnia.pl\/index.php\/wp-json\/wp\/v2\/posts\/325","targetHints":{"allow":["GET"]}}],"collection":[{"href":"https:\/\/zrozumiecswiat.sosw.bochnia.pl\/index.php\/wp-json\/wp\/v2\/posts"}],"about":[{"href":"https:\/\/zrozumiecswiat.sosw.bochnia.pl\/index.php\/wp-json\/wp\/v2\/types\/post"}],"author":[{"embeddable":true,"href":"https:\/\/zrozumiecswiat.sosw.bochnia.pl\/index.php\/wp-json\/wp\/v2\/users\/1"}],"replies":[{"embeddable":true,"href":"https:\/\/zrozumiecswiat.sosw.bochnia.pl\/index.php\/wp-json\/wp\/v2\/comments?post=325"}],"version-history":[{"count":1,"href":"https:\/\/zrozumiecswiat.sosw.bochnia.pl\/index.php\/wp-json\/wp\/v2\/posts\/325\/revisions"}],"predecessor-version":[{"id":327,"href":"https:\/\/zrozumiecswiat.sosw.bochnia.pl\/index.php\/wp-json\/wp\/v2\/posts\/325\/revisions\/327"}],"wp:featuredmedia":[{"embeddable":true,"href":"https:\/\/zrozumiecswiat.sosw.bochnia.pl\/index.php\/wp-json\/wp\/v2\/media\/326"}],"wp:attachment":[{"href":"https:\/\/zrozumiecswiat.sosw.bochnia.pl\/index.php\/wp-json\/wp\/v2\/media?parent=325"}],"wp:term":[{"taxonomy":"category","embeddable":true,"href":"https:\/\/zrozumiecswiat.sosw.bochnia.pl\/index.php\/wp-json\/wp\/v2\/categories?post=325"},{"taxonomy":"post_tag","embeddable":true,"href":"https:\/\/zrozumiecswiat.sosw.bochnia.pl\/index.php\/wp-json\/wp\/v2\/tags?post=325"}],"curies":[{"name":"wp","href":"https:\/\/api.w.org\/{rel}","templated":true}]}}