{"id":339,"date":"2022-06-23T12:13:00","date_gmt":"2022-06-23T10:13:00","guid":{"rendered":"http:\/\/zrozumiecswiat.sosw.bochnia.pl\/?p=339"},"modified":"2022-09-21T22:49:18","modified_gmt":"2022-09-21T20:49:18","slug":"wycieczka-w-sudety","status":"publish","type":"post","link":"https:\/\/zrozumiecswiat.sosw.bochnia.pl\/index.php\/2022\/06\/23\/wycieczka-w-sudety\/","title":{"rendered":"WYCIECZKA W SUDETY"},"content":{"rendered":"\n<p>21.06.2022 &#8211; 22.06.2022 r.<\/p>\n\n\n\n<h2 class=\"wp-block-heading\">Zadanie 1: Zaj\u0119cia rozwijaj\u0105ce kompetencje matematyczno-przyrodnicze<\/h2>\n\n\n<p>Tu\u017c przed zako\u0144czeniem roku szkolnego w dniach 21.06-22.06.2022 r. wychowankowie O\u015brodka Szkolno-Wychowawczego im. ks. J. Twardowskiego w Bochni w ramach projektu \u201ePozw\u00f3l mi zrozumie\u0107 \u015bwiat\u201d uczestniczyli w wycieczce w Sudety.<\/p>\n<h3>Zamek w Mosznej<\/h3>\n<p>Podczas dwudniowego wyjazdu nasi uczniowie zwiedzili bajkowy Zamek w Mosznej. Prawdopodobnie, w czasach \u015bredniowiecznych stanowi\u0142 on w\u0142asno\u015b\u0107 zakonu rycerskiego Templariuszy. To co najbardziej nas zaintrygowa\u0142o to liczne zamkowe wie\u017ce i wie\u017cyczki, kt\u00f3rych jest dok\u0142adnie\u2026 99! Wed\u0142ug legendy, po zamku b\u0142\u0105ka si\u0119 bia\u0142a dama \u2013 duch nieszcz\u0119\u015bliwie zakochanej w hrabim guwernantki. To ona pod os\u0142on\u0105 nocy snuje si\u0119 po posiad\u0142o\u015bci w poszukiwaniu sypialni hrabiego. Na szcz\u0119\u015bcie \u2013 zamek w Mosznej posiada a\u017c 365 komnat i pomieszcze\u0144, co sprawia, \u017ce prawdopodobie\u0144stwo spotkania zamkowego ducha jest ograniczone do minimum.<\/p>\n<h3>Kopalnia Z\u0142ota w Z\u0142otym Stoku<\/h3>\n<p>Kolejnym etapem naszej wycieczki by\u0142a Kopalnia Z\u0142ota w Z\u0142otym Stoku, kt\u00f3ra jest najstarszym o\u015brodkiem g\u00f3rniczo \u2013 hutniczym w Polsce \u2013 tradycje g\u00f3rnicze w mie\u015bcie si\u0119gaj\u0105 a\u017c 700 lat! Obliczono, \u017ce w ci\u0105gu tego czasu z kopalnianego urobku pozyskano 16 ton czystego z\u0142ota. Podczas przej\u015bcia trasy turystycznej dowiedzieli\u015bmy si\u0119 wielu ciekawych informacji o historii Z\u0142otego Stoku i samej kopalni. Ogl\u0105dali\u015bmy narz\u0119dzia g\u00f3rnicze, skrzaty, szyby, mapy i makiety, wodospad, skarbiec, laboratorium, zje\u017cd\u017calni\u0119 i kilka innych interesuj\u0105cych atrakcji. Ca\u0142a trasa udost\u0119pniona dla turyst\u00f3w liczy sobie a\u017c 500 metr\u00f3w d\u0142ugo\u015bci. W trakcie zwiedzania mo\u017cna ogl\u0105da\u0107 te\u017c ciekawe Muzeum Przestr\u00f3g, Uwag i Apeli, kt\u00f3re jest zbiorem tablic z przepisami BHP. Niekt\u00f3re z nich s\u0105 do\u015b\u0107 zabawne, a ca\u0142a kolekcja \u0142adnie prezentuje si\u0119 na \u015bcianach kopalni.<\/p>\n<h3>Na g\u00f3rskim szlaku<\/h3>\n<p>Drugi dzie\u0144 by\u0142 dla nas wszystkich wyzwaniem. Przej\u015bcie g\u00f3rskim szlakiem, dla niekt\u00f3rych z nas po raz pierwszy. Nasz\u0105 przygod\u0119 rozpocz\u0119li\u015bmy tras\u0105 przez B\u0142\u0119dne Ska\u0142y &#8211; najpopularniejsz\u0105 atrakcj\u0105 G\u00f3r Sto\u0142owych. Tutaj mieli\u015bmy okazj\u0119 zobaczy\u0107 prawdziwy skalny labirynt. Pomi\u0119dzy wysokimi na 11 metr\u00f3w g\u0142azami, przeciskali\u015bmy si\u0119 przez w\u0105skie szczeliny. Na tym genialnym szlaku nie zabrak\u0142o te\u017c punkt\u00f3w widokowych z pi\u0119knymi panoramami. Id\u0105c przez tajemniczy skalny \u015bwiat poczuli\u015bmy si\u0119 jak na planie filmowym, gdy\u017c to tutaj w\u0142a\u015bnie nagrywane by\u0142y sceny do filmu \u201eOpowie\u015bci z Narnii\u201d.<\/p>\n<h4>\u015acie\u017cka dydaktyczna im. in. Kazimierza Klimowicza<\/h4>\n<p>Przej\u015bcie g\u00f3rsk\u0105 \u015bcie\u017ck\u0105 dydaktyczn\u0105 im. in\u017c. Kazimierza Klimowicza wytyczon\u0105 na masywie Skalniaka poszerzy\u0142o nasz\u0105 wiedz\u0119 temat \u015brodowiska przyrodniczego. Mogli\u015bmy r\u00f3wnie\u017c doskonali\u0107 swoje umiej\u0119tno\u015bci orientowania si\u0119 w terenie. \u015acie\u017cka sk\u0142ada si\u0119 z 12 stanowisk, przedstawiaj\u0105cych metody czynnej ochrony ekosytem\u00f3w na terenie Parku Narodowego G\u00f3r Sto\u0142owych. W\u0119druj\u0105c t\u0105 \u015bcie\u017ck\u0105 poznali\u015bmy m. in. sposoby przebudowy drzewostan\u00f3w G\u00f3r Sto\u0142owych, a tak\u017ce kolejne etapy naturalnej sukcesji ekologicznej wyst\u0119puj\u0105cej w \u015brodowisku ska\u0142 piaskowcowych i dzia\u0142ania zwi\u0105zane z czynn\u0105 ochron\u0105 \u0142\u0105k i ekosystem\u00f3w torfowiskowych. Pokonali\u015bmy ponad 5 km id\u0105c stromymi podej\u015bciami po skalnym pod\u0142o\u017cu. Dla wielu z nas by\u0142 to niema\u0142y wyczyn!<\/p>\n<p>Tak ciekaw\u0105 i urozmaicon\u0105 wycieczk\u0105 zako\u0144czyli\u015bmy kolejny rok szkolny.<\/p>\n\n\n<div style=\"height:45px\" aria-hidden=\"true\" class=\"wp-block-spacer\"><\/div>\n\n\n\n<div class=\"wp-block-group is-content-justification-center is-nowrap is-layout-flex wp-container-core-group-is-layout-94bc23d7 wp-block-group-is-layout-flex\">\n<div class=\"wp-block-group is-content-justification-center is-nowrap is-layout-flex wp-container-core-group-is-layout-94bc23d7 wp-block-group-is-layout-flex\"><div class=\"wp-block-image\">\n<figure class=\"aligncenter size-large is-resized\"><img loading=\"lazy\" decoding=\"async\" src=\"http:\/\/zrozumiecswiat.sosw.bochnia.pl\/wp-content\/uploads\/2022\/09\/zdjecie-pierwsze-687x1024.jpg\" alt=\"\" class=\"wp-image-359\" width=\"515\" height=\"768\" srcset=\"https:\/\/zrozumiecswiat.sosw.bochnia.pl\/wp-content\/uploads\/2022\/09\/zdjecie-pierwsze-687x1024.jpg 687w, https:\/\/zrozumiecswiat.sosw.bochnia.pl\/wp-content\/uploads\/2022\/09\/zdjecie-pierwsze-201x300.jpg 201w, https:\/\/zrozumiecswiat.sosw.bochnia.pl\/wp-content\/uploads\/2022\/09\/zdjecie-pierwsze-768x1145.jpg 768w, https:\/\/zrozumiecswiat.sosw.bochnia.pl\/wp-content\/uploads\/2022\/09\/zdjecie-pierwsze.jpg 1000w\" sizes=\"auto, (max-width: 515px) 100vw, 515px\" \/><\/figure>\n<\/div><\/div>\n<\/div>\n\n\n\n<div class=\"wp-block-columns is-layout-flex wp-container-core-columns-is-layout-9d6595d7 wp-block-columns-is-layout-flex\">\n<div class=\"wp-block-column is-layout-flow wp-block-column-is-layout-flow\" style=\"flex-basis:100%\">\n<div class=\"wp-block-group alignfull has-text-color has-background\" style=\"background-color:#ffffff;color:#000000\"><div class=\"wp-block-group__inner-container is-layout-flow wp-block-group-is-layout-flow\">\n<div class=\"wp-block-buttons is-horizontal is-content-justification-center is-layout-flex wp-container-core-buttons-is-layout-499968f5 wp-block-buttons-is-layout-flex\">\n<div class=\"wp-block-button has-custom-width wp-block-button__width-25 is-style-fill\"><a class=\"wp-block-button__link has-vivid-red-background-color has-text-color has-background\" href=\"https:\/\/photos.app.goo.gl\/33Vjpb6bjx1ugq9j6\" style=\"border-radius:50px;color:#ffffff\" target=\"_blank\" rel=\"noreferrer noopener\">Galeria<\/a><\/div>\n<\/div>\n<\/div><\/div>\n<\/div>\n<\/div>\n\n\n\n<div class=\"wp-block-columns is-layout-flex wp-container-core-columns-is-layout-9d6595d7 wp-block-columns-is-layout-flex\">\n<div class=\"wp-block-column is-layout-flow wp-block-column-is-layout-flow\"><\/div>\n\n\n\n<div class=\"wp-block-column is-layout-flow wp-block-column-is-layout-flow\"><\/div>\n<\/div>\n\n\n\n<div style=\"height:10px\" aria-hidden=\"true\" class=\"wp-block-spacer\"><\/div>\n\n\n\n<div class=\"wp-block-buttons is-content-justification-right is-layout-flex wp-container-core-buttons-is-layout-765c4724 wp-block-buttons-is-layout-flex\">\n<div class=\"wp-block-button\"><a class=\"wp-block-button__link\" href=\"http:\/\/zrozumiecswiat.sosw.bochnia.pl\/index.php\/wydarzenia\/\">powr\u00f3t<\/a><\/div>\n<\/div>\n\n\n\n<p><\/p>\n","protected":false},"excerpt":{"rendered":"<p>Tu\u017c przed zako\u0144czeniem roku szkolnego w dniach 21.06-22.06.2022 r. wychowankowie O\u015brodka Szkolno-Wychowawczego im. ks. J. Twardowskiego w Bochni w ramach projektu \u201ePozw\u00f3l mi zrozumie\u0107 \u015bwiat\u201d uczestniczyli w wycieczce w Sudety. <a class=\"continue\" href=\"https:\/\/zrozumiecswiat.sosw.bochnia.pl\/index.php\/2022\/06\/23\/wycieczka-w-sudety\/\">Czytaj wi\u0119cej<span> WYCIECZKA W SUDETY<\/span><\/a><\/p>\n","protected":false},"author":1,"featured_media":360,"comment_status":"closed","ping_status":"closed","sticky":false,"template":"","format":"standard","meta":{"footnotes":""},"categories":[1],"tags":[],"class_list":["post-339","post","type-post","status-publish","format-standard","has-post-thumbnail","hentry","category-aktualnosci"],"yoast_head":"<!-- This site is optimized with the Yoast SEO plugin v27.4 - https:\/\/yoast.com\/product\/yoast-seo-wordpress\/ -->\n<title>WYCIECZKA W SUDETY - Pozw\u00f3l mi zrozumie\u0107 \u015bwiat<\/title>\n<meta name=\"robots\" content=\"index, follow, max-snippet:-1, max-image-preview:large, max-video-preview:-1\" \/>\n<link rel=\"canonical\" href=\"https:\/\/zrozumiecswiat.sosw.bochnia.pl\/index.php\/2022\/06\/23\/wycieczka-w-sudety\/\" \/>\n<meta property=\"og:locale\" content=\"pl_PL\" \/>\n<meta property=\"og:type\" content=\"article\" \/>\n<meta property=\"og:title\" content=\"WYCIECZKA W SUDETY - Pozw\u00f3l mi zrozumie\u0107 \u015bwiat\" \/>\n<meta property=\"og:description\" content=\"Tu\u017c przed zako\u0144czeniem roku szkolnego w dniach 21.06-22.06.2022 r. wychowankowie O\u015brodka Szkolno-Wychowawczego im. ks. J. Twardowskiego w Bochni w ramach projektu \u201ePozw\u00f3l mi zrozumie\u0107 \u015bwiat\u201d uczestniczyli w wycieczce w Sudety. Czytaj wi\u0119cej WYCIECZKA W SUDETY\" \/>\n<meta property=\"og:url\" content=\"https:\/\/zrozumiecswiat.sosw.bochnia.pl\/index.php\/2022\/06\/23\/wycieczka-w-sudety\/\" \/>\n<meta property=\"og:site_name\" content=\"Pozw\u00f3l mi zrozumie\u0107 \u015bwiat\" \/>\n<meta property=\"article:published_time\" content=\"2022-06-23T10:13:00+00:00\" \/>\n<meta property=\"article:modified_time\" content=\"2022-09-21T20:49:18+00:00\" \/>\n<meta property=\"og:image\" content=\"https:\/\/zrozumiecswiat.sosw.bochnia.pl\/wp-content\/uploads\/2022\/09\/8.jpg\" \/>\n\t<meta property=\"og:image:width\" content=\"1200\" \/>\n\t<meta property=\"og:image:height\" content=\"942\" \/>\n\t<meta property=\"og:image:type\" content=\"image\/jpeg\" \/>\n<meta name=\"author\" content=\"zrozumiec\" \/>\n<meta name=\"twitter:card\" content=\"summary_large_image\" \/>\n<meta name=\"twitter:label1\" content=\"Napisane przez\" \/>\n\t<meta name=\"twitter:data1\" content=\"zrozumiec\" \/>\n\t<meta name=\"twitter:label2\" content=\"Szacowany czas czytania\" \/>\n\t<meta name=\"twitter:data2\" content=\"3 minuty\" \/>\n<script type=\"application\/ld+json\" class=\"yoast-schema-graph\">{\"@context\":\"https:\\\/\\\/schema.org\",\"@graph\":[{\"@type\":\"Article\",\"@id\":\"https:\\\/\\\/zrozumiecswiat.sosw.bochnia.pl\\\/index.php\\\/2022\\\/06\\\/23\\\/wycieczka-w-sudety\\\/#article\",\"isPartOf\":{\"@id\":\"https:\\\/\\\/zrozumiecswiat.sosw.bochnia.pl\\\/index.php\\\/2022\\\/06\\\/23\\\/wycieczka-w-sudety\\\/\"},\"author\":{\"name\":\"zrozumiec\",\"@id\":\"https:\\\/\\\/zrozumiecswiat.sosw.bochnia.pl\\\/#\\\/schema\\\/person\\\/5bcd8d68a0ae16d12cb78d98c6d40c56\"},\"headline\":\"WYCIECZKA W SUDETY\",\"datePublished\":\"2022-06-23T10:13:00+00:00\",\"dateModified\":\"2022-09-21T20:49:18+00:00\",\"mainEntityOfPage\":{\"@id\":\"https:\\\/\\\/zrozumiecswiat.sosw.bochnia.pl\\\/index.php\\\/2022\\\/06\\\/23\\\/wycieczka-w-sudety\\\/\"},\"wordCount\":556,\"publisher\":{\"@id\":\"https:\\\/\\\/zrozumiecswiat.sosw.bochnia.pl\\\/#organization\"},\"image\":{\"@id\":\"https:\\\/\\\/zrozumiecswiat.sosw.bochnia.pl\\\/index.php\\\/2022\\\/06\\\/23\\\/wycieczka-w-sudety\\\/#primaryimage\"},\"thumbnailUrl\":\"https:\\\/\\\/zrozumiecswiat.sosw.bochnia.pl\\\/wp-content\\\/uploads\\\/2022\\\/09\\\/8.jpg\",\"articleSection\":[\"Aktualno\u015bci\"],\"inLanguage\":\"pl-PL\"},{\"@type\":\"WebPage\",\"@id\":\"https:\\\/\\\/zrozumiecswiat.sosw.bochnia.pl\\\/index.php\\\/2022\\\/06\\\/23\\\/wycieczka-w-sudety\\\/\",\"url\":\"https:\\\/\\\/zrozumiecswiat.sosw.bochnia.pl\\\/index.php\\\/2022\\\/06\\\/23\\\/wycieczka-w-sudety\\\/\",\"name\":\"WYCIECZKA W SUDETY - Pozw\u00f3l mi zrozumie\u0107 \u015bwiat\",\"isPartOf\":{\"@id\":\"https:\\\/\\\/zrozumiecswiat.sosw.bochnia.pl\\\/#website\"},\"primaryImageOfPage\":{\"@id\":\"https:\\\/\\\/zrozumiecswiat.sosw.bochnia.pl\\\/index.php\\\/2022\\\/06\\\/23\\\/wycieczka-w-sudety\\\/#primaryimage\"},\"image\":{\"@id\":\"https:\\\/\\\/zrozumiecswiat.sosw.bochnia.pl\\\/index.php\\\/2022\\\/06\\\/23\\\/wycieczka-w-sudety\\\/#primaryimage\"},\"thumbnailUrl\":\"https:\\\/\\\/zrozumiecswiat.sosw.bochnia.pl\\\/wp-content\\\/uploads\\\/2022\\\/09\\\/8.jpg\",\"datePublished\":\"2022-06-23T10:13:00+00:00\",\"dateModified\":\"2022-09-21T20:49:18+00:00\",\"breadcrumb\":{\"@id\":\"https:\\\/\\\/zrozumiecswiat.sosw.bochnia.pl\\\/index.php\\\/2022\\\/06\\\/23\\\/wycieczka-w-sudety\\\/#breadcrumb\"},\"inLanguage\":\"pl-PL\",\"potentialAction\":[{\"@type\":\"ReadAction\",\"target\":[\"https:\\\/\\\/zrozumiecswiat.sosw.bochnia.pl\\\/index.php\\\/2022\\\/06\\\/23\\\/wycieczka-w-sudety\\\/\"]}]},{\"@type\":\"ImageObject\",\"inLanguage\":\"pl-PL\",\"@id\":\"https:\\\/\\\/zrozumiecswiat.sosw.bochnia.pl\\\/index.php\\\/2022\\\/06\\\/23\\\/wycieczka-w-sudety\\\/#primaryimage\",\"url\":\"https:\\\/\\\/zrozumiecswiat.sosw.bochnia.pl\\\/wp-content\\\/uploads\\\/2022\\\/09\\\/8.jpg\",\"contentUrl\":\"https:\\\/\\\/zrozumiecswiat.sosw.bochnia.pl\\\/wp-content\\\/uploads\\\/2022\\\/09\\\/8.jpg\",\"width\":1200,\"height\":942,\"caption\":\"Grupa m\u0142odzie\u017cy pozuje do zdj\u0119cia na tle Zamku w Mosznej.\"},{\"@type\":\"BreadcrumbList\",\"@id\":\"https:\\\/\\\/zrozumiecswiat.sosw.bochnia.pl\\\/index.php\\\/2022\\\/06\\\/23\\\/wycieczka-w-sudety\\\/#breadcrumb\",\"itemListElement\":[{\"@type\":\"ListItem\",\"position\":1,\"name\":\"Strona g\u0142\u00f3wna\",\"item\":\"https:\\\/\\\/zrozumiecswiat.sosw.bochnia.pl\\\/\"},{\"@type\":\"ListItem\",\"position\":2,\"name\":\"WYCIECZKA W SUDETY\"}]},{\"@type\":\"WebSite\",\"@id\":\"https:\\\/\\\/zrozumiecswiat.sosw.bochnia.pl\\\/#website\",\"url\":\"https:\\\/\\\/zrozumiecswiat.sosw.bochnia.pl\\\/\",\"name\":\"Pozw\u00f3l mi zrozumie\u0107 \u015bwiat\",\"description\":\"\",\"publisher\":{\"@id\":\"https:\\\/\\\/zrozumiecswiat.sosw.bochnia.pl\\\/#organization\"},\"potentialAction\":[{\"@type\":\"SearchAction\",\"target\":{\"@type\":\"EntryPoint\",\"urlTemplate\":\"https:\\\/\\\/zrozumiecswiat.sosw.bochnia.pl\\\/?s={search_term_string}\"},\"query-input\":{\"@type\":\"PropertyValueSpecification\",\"valueRequired\":true,\"valueName\":\"search_term_string\"}}],\"inLanguage\":\"pl-PL\"},{\"@type\":\"Organization\",\"@id\":\"https:\\\/\\\/zrozumiecswiat.sosw.bochnia.pl\\\/#organization\",\"name\":\"Pozw\u00f3l mi zrozumie\u0107 \u015bwiat\",\"url\":\"https:\\\/\\\/zrozumiecswiat.sosw.bochnia.pl\\\/\",\"logo\":{\"@type\":\"ImageObject\",\"inLanguage\":\"pl-PL\",\"@id\":\"https:\\\/\\\/zrozumiecswiat.sosw.bochnia.pl\\\/#\\\/schema\\\/logo\\\/image\\\/\",\"url\":\"https:\\\/\\\/zrozumiecswiat.sosw.bochnia.pl\\\/wp-content\\\/uploads\\\/2022\\\/09\\\/sosw_right.png\",\"contentUrl\":\"https:\\\/\\\/zrozumiecswiat.sosw.bochnia.pl\\\/wp-content\\\/uploads\\\/2022\\\/09\\\/sosw_right.png\",\"width\":350,\"height\":86,\"caption\":\"Pozw\u00f3l mi zrozumie\u0107 \u015bwiat\"},\"image\":{\"@id\":\"https:\\\/\\\/zrozumiecswiat.sosw.bochnia.pl\\\/#\\\/schema\\\/logo\\\/image\\\/\"}},{\"@type\":\"Person\",\"@id\":\"https:\\\/\\\/zrozumiecswiat.sosw.bochnia.pl\\\/#\\\/schema\\\/person\\\/5bcd8d68a0ae16d12cb78d98c6d40c56\",\"name\":\"zrozumiec\",\"image\":{\"@type\":\"ImageObject\",\"inLanguage\":\"pl-PL\",\"@id\":\"https:\\\/\\\/secure.gravatar.com\\\/avatar\\\/36db499b07049ca11d60b3347b3137a92495569350d7773933f6ee3f92f8b67a?s=96&d=blank&r=g\",\"url\":\"https:\\\/\\\/secure.gravatar.com\\\/avatar\\\/36db499b07049ca11d60b3347b3137a92495569350d7773933f6ee3f92f8b67a?s=96&d=blank&r=g\",\"contentUrl\":\"https:\\\/\\\/secure.gravatar.com\\\/avatar\\\/36db499b07049ca11d60b3347b3137a92495569350d7773933f6ee3f92f8b67a?s=96&d=blank&r=g\",\"caption\":\"zrozumiec\"},\"sameAs\":[\"http:\\\/\\\/zrozumiecswiat.sosw.bochnia.pl\"],\"url\":\"https:\\\/\\\/zrozumiecswiat.sosw.bochnia.pl\\\/index.php\\\/author\\\/zrozumiec\\\/\"}]}<\/script>\n<!-- \/ Yoast SEO plugin. -->","yoast_head_json":{"title":"WYCIECZKA W SUDETY - Pozw\u00f3l mi zrozumie\u0107 \u015bwiat","robots":{"index":"index","follow":"follow","max-snippet":"max-snippet:-1","max-image-preview":"max-image-preview:large","max-video-preview":"max-video-preview:-1"},"canonical":"https:\/\/zrozumiecswiat.sosw.bochnia.pl\/index.php\/2022\/06\/23\/wycieczka-w-sudety\/","og_locale":"pl_PL","og_type":"article","og_title":"WYCIECZKA W SUDETY - Pozw\u00f3l mi zrozumie\u0107 \u015bwiat","og_description":"Tu\u017c przed zako\u0144czeniem roku szkolnego w dniach 21.06-22.06.2022 r. wychowankowie O\u015brodka Szkolno-Wychowawczego im. ks. J. Twardowskiego w Bochni w ramach projektu \u201ePozw\u00f3l mi zrozumie\u0107 \u015bwiat\u201d uczestniczyli w wycieczce w Sudety. Czytaj wi\u0119cej WYCIECZKA W SUDETY","og_url":"https:\/\/zrozumiecswiat.sosw.bochnia.pl\/index.php\/2022\/06\/23\/wycieczka-w-sudety\/","og_site_name":"Pozw\u00f3l mi zrozumie\u0107 \u015bwiat","article_published_time":"2022-06-23T10:13:00+00:00","article_modified_time":"2022-09-21T20:49:18+00:00","og_image":[{"width":1200,"height":942,"url":"https:\/\/zrozumiecswiat.sosw.bochnia.pl\/wp-content\/uploads\/2022\/09\/8.jpg","type":"image\/jpeg"}],"author":"zrozumiec","twitter_card":"summary_large_image","twitter_misc":{"Napisane przez":"zrozumiec","Szacowany czas czytania":"3 minuty"},"schema":{"@context":"https:\/\/schema.org","@graph":[{"@type":"Article","@id":"https:\/\/zrozumiecswiat.sosw.bochnia.pl\/index.php\/2022\/06\/23\/wycieczka-w-sudety\/#article","isPartOf":{"@id":"https:\/\/zrozumiecswiat.sosw.bochnia.pl\/index.php\/2022\/06\/23\/wycieczka-w-sudety\/"},"author":{"name":"zrozumiec","@id":"https:\/\/zrozumiecswiat.sosw.bochnia.pl\/#\/schema\/person\/5bcd8d68a0ae16d12cb78d98c6d40c56"},"headline":"WYCIECZKA W SUDETY","datePublished":"2022-06-23T10:13:00+00:00","dateModified":"2022-09-21T20:49:18+00:00","mainEntityOfPage":{"@id":"https:\/\/zrozumiecswiat.sosw.bochnia.pl\/index.php\/2022\/06\/23\/wycieczka-w-sudety\/"},"wordCount":556,"publisher":{"@id":"https:\/\/zrozumiecswiat.sosw.bochnia.pl\/#organization"},"image":{"@id":"https:\/\/zrozumiecswiat.sosw.bochnia.pl\/index.php\/2022\/06\/23\/wycieczka-w-sudety\/#primaryimage"},"thumbnailUrl":"https:\/\/zrozumiecswiat.sosw.bochnia.pl\/wp-content\/uploads\/2022\/09\/8.jpg","articleSection":["Aktualno\u015bci"],"inLanguage":"pl-PL"},{"@type":"WebPage","@id":"https:\/\/zrozumiecswiat.sosw.bochnia.pl\/index.php\/2022\/06\/23\/wycieczka-w-sudety\/","url":"https:\/\/zrozumiecswiat.sosw.bochnia.pl\/index.php\/2022\/06\/23\/wycieczka-w-sudety\/","name":"WYCIECZKA W SUDETY - Pozw\u00f3l mi zrozumie\u0107 \u015bwiat","isPartOf":{"@id":"https:\/\/zrozumiecswiat.sosw.bochnia.pl\/#website"},"primaryImageOfPage":{"@id":"https:\/\/zrozumiecswiat.sosw.bochnia.pl\/index.php\/2022\/06\/23\/wycieczka-w-sudety\/#primaryimage"},"image":{"@id":"https:\/\/zrozumiecswiat.sosw.bochnia.pl\/index.php\/2022\/06\/23\/wycieczka-w-sudety\/#primaryimage"},"thumbnailUrl":"https:\/\/zrozumiecswiat.sosw.bochnia.pl\/wp-content\/uploads\/2022\/09\/8.jpg","datePublished":"2022-06-23T10:13:00+00:00","dateModified":"2022-09-21T20:49:18+00:00","breadcrumb":{"@id":"https:\/\/zrozumiecswiat.sosw.bochnia.pl\/index.php\/2022\/06\/23\/wycieczka-w-sudety\/#breadcrumb"},"inLanguage":"pl-PL","potentialAction":[{"@type":"ReadAction","target":["https:\/\/zrozumiecswiat.sosw.bochnia.pl\/index.php\/2022\/06\/23\/wycieczka-w-sudety\/"]}]},{"@type":"ImageObject","inLanguage":"pl-PL","@id":"https:\/\/zrozumiecswiat.sosw.bochnia.pl\/index.php\/2022\/06\/23\/wycieczka-w-sudety\/#primaryimage","url":"https:\/\/zrozumiecswiat.sosw.bochnia.pl\/wp-content\/uploads\/2022\/09\/8.jpg","contentUrl":"https:\/\/zrozumiecswiat.sosw.bochnia.pl\/wp-content\/uploads\/2022\/09\/8.jpg","width":1200,"height":942,"caption":"Grupa m\u0142odzie\u017cy pozuje do zdj\u0119cia na tle Zamku w Mosznej."},{"@type":"BreadcrumbList","@id":"https:\/\/zrozumiecswiat.sosw.bochnia.pl\/index.php\/2022\/06\/23\/wycieczka-w-sudety\/#breadcrumb","itemListElement":[{"@type":"ListItem","position":1,"name":"Strona g\u0142\u00f3wna","item":"https:\/\/zrozumiecswiat.sosw.bochnia.pl\/"},{"@type":"ListItem","position":2,"name":"WYCIECZKA W SUDETY"}]},{"@type":"WebSite","@id":"https:\/\/zrozumiecswiat.sosw.bochnia.pl\/#website","url":"https:\/\/zrozumiecswiat.sosw.bochnia.pl\/","name":"Pozw\u00f3l mi zrozumie\u0107 \u015bwiat","description":"","publisher":{"@id":"https:\/\/zrozumiecswiat.sosw.bochnia.pl\/#organization"},"potentialAction":[{"@type":"SearchAction","target":{"@type":"EntryPoint","urlTemplate":"https:\/\/zrozumiecswiat.sosw.bochnia.pl\/?s={search_term_string}"},"query-input":{"@type":"PropertyValueSpecification","valueRequired":true,"valueName":"search_term_string"}}],"inLanguage":"pl-PL"},{"@type":"Organization","@id":"https:\/\/zrozumiecswiat.sosw.bochnia.pl\/#organization","name":"Pozw\u00f3l mi zrozumie\u0107 \u015bwiat","url":"https:\/\/zrozumiecswiat.sosw.bochnia.pl\/","logo":{"@type":"ImageObject","inLanguage":"pl-PL","@id":"https:\/\/zrozumiecswiat.sosw.bochnia.pl\/#\/schema\/logo\/image\/","url":"https:\/\/zrozumiecswiat.sosw.bochnia.pl\/wp-content\/uploads\/2022\/09\/sosw_right.png","contentUrl":"https:\/\/zrozumiecswiat.sosw.bochnia.pl\/wp-content\/uploads\/2022\/09\/sosw_right.png","width":350,"height":86,"caption":"Pozw\u00f3l mi zrozumie\u0107 \u015bwiat"},"image":{"@id":"https:\/\/zrozumiecswiat.sosw.bochnia.pl\/#\/schema\/logo\/image\/"}},{"@type":"Person","@id":"https:\/\/zrozumiecswiat.sosw.bochnia.pl\/#\/schema\/person\/5bcd8d68a0ae16d12cb78d98c6d40c56","name":"zrozumiec","image":{"@type":"ImageObject","inLanguage":"pl-PL","@id":"https:\/\/secure.gravatar.com\/avatar\/36db499b07049ca11d60b3347b3137a92495569350d7773933f6ee3f92f8b67a?s=96&d=blank&r=g","url":"https:\/\/secure.gravatar.com\/avatar\/36db499b07049ca11d60b3347b3137a92495569350d7773933f6ee3f92f8b67a?s=96&d=blank&r=g","contentUrl":"https:\/\/secure.gravatar.com\/avatar\/36db499b07049ca11d60b3347b3137a92495569350d7773933f6ee3f92f8b67a?s=96&d=blank&r=g","caption":"zrozumiec"},"sameAs":["http:\/\/zrozumiecswiat.sosw.bochnia.pl"],"url":"https:\/\/zrozumiecswiat.sosw.bochnia.pl\/index.php\/author\/zrozumiec\/"}]}},"_links":{"self":[{"href":"https:\/\/zrozumiecswiat.sosw.bochnia.pl\/index.php\/wp-json\/wp\/v2\/posts\/339","targetHints":{"allow":["GET"]}}],"collection":[{"href":"https:\/\/zrozumiecswiat.sosw.bochnia.pl\/index.php\/wp-json\/wp\/v2\/posts"}],"about":[{"href":"https:\/\/zrozumiecswiat.sosw.bochnia.pl\/index.php\/wp-json\/wp\/v2\/types\/post"}],"author":[{"embeddable":true,"href":"https:\/\/zrozumiecswiat.sosw.bochnia.pl\/index.php\/wp-json\/wp\/v2\/users\/1"}],"replies":[{"embeddable":true,"href":"https:\/\/zrozumiecswiat.sosw.bochnia.pl\/index.php\/wp-json\/wp\/v2\/comments?post=339"}],"version-history":[{"count":4,"href":"https:\/\/zrozumiecswiat.sosw.bochnia.pl\/index.php\/wp-json\/wp\/v2\/posts\/339\/revisions"}],"predecessor-version":[{"id":361,"href":"https:\/\/zrozumiecswiat.sosw.bochnia.pl\/index.php\/wp-json\/wp\/v2\/posts\/339\/revisions\/361"}],"wp:featuredmedia":[{"embeddable":true,"href":"https:\/\/zrozumiecswiat.sosw.bochnia.pl\/index.php\/wp-json\/wp\/v2\/media\/360"}],"wp:attachment":[{"href":"https:\/\/zrozumiecswiat.sosw.bochnia.pl\/index.php\/wp-json\/wp\/v2\/media?parent=339"}],"wp:term":[{"taxonomy":"category","embeddable":true,"href":"https:\/\/zrozumiecswiat.sosw.bochnia.pl\/index.php\/wp-json\/wp\/v2\/categories?post=339"},{"taxonomy":"post_tag","embeddable":true,"href":"https:\/\/zrozumiecswiat.sosw.bochnia.pl\/index.php\/wp-json\/wp\/v2\/tags?post=339"}],"curies":[{"name":"wp","href":"https:\/\/api.w.org\/{rel}","templated":true}]}}